{"id":1576,"date":"2015-06-27T10:08:34","date_gmt":"2015-06-27T13:08:34","guid":{"rendered":"http:\/\/dcvcorp.com.br\/?p=1576"},"modified":"2015-06-27T10:08:34","modified_gmt":"2015-06-27T13:08:34","slug":"muculmanos-emitem-um-boletim-em-jerusalem-chamando-os-muculmanos-ao-massacre-no-fim-do-ramada","status":"publish","type":"post","link":"http:\/\/dcvcorp.com.br\/?p=1576","title":{"rendered":"Mu\u00e7ulmanos Emitem Um Boletim Em Jerusal\u00e9m Chamando Os Mu\u00e7ulmanos Ao Massacre No Fim Do Ramad\u00e3"},"content":{"rendered":"<blockquote>\n<div class=\"_5pbx userContent\" data-ft=\"{&quot;tn&quot;:&quot;K&quot;}\">\n<p>No prop\u00f3sito do ISIS de fazer do m\u00eas do Ramad\u00e3, um m\u00eas de &#8220;Terror aos Infi\u00e9is\u201d, eles buscam incitar os mu\u00e7ulmanos pelo mundo para realizarem diversos ataques, e incitam que os mu\u00e7ulmanos de Jerusal\u00e9m fa\u00e7am um massacre no fim do m\u00eas do Ramad\u00e3 \u2026<\/p>\n<p>Segue artigo traduzido:<br \/>\n&#8212;&#8212;&#8212;&#8212;&#8212;&#8212;&#8212;&#8212;&#8212;&#8212;&#8212;&#8212;&#8212;&#8212;&#8212;&#8212;&#8212;&#8212;&#8212;&#8212;&#8212;&#8212;&#8212;&#8212;&#8212;&#8212;&#8212;&#8212;&#8212;&#8212;&#8212;<br \/>\nEm Jerusal\u00e9m, panfletos foram espalhados por toda a cidade velha afirmando serem do ISIS.<\/p>\n<p>O boletim, que tinha o logotipo ISIS, exigia que todos os \u00e1rabes crist\u00e3os devem deixar Jerusal\u00e9m Oriental at\u00e9 o final do Ramad\u00e3, acusados de serem &#8220;colaboradores israelenses\u201d. O ISIS tamb\u00e9m exigiu que, no caso dos crist\u00e3os se recusarem a deixarem Jerusal\u00e9m Oriental, os mu\u00e7ulmanos ser\u00e3o obrigados a matar a todos os crist\u00e3os que vivem l\u00e1.<\/p>\n<p>Al-Quds (jornal de Jerusal\u00e9m), o principal jornal \u00e1rabe, n\u00e3o tinha publicado uma resposta do Theodosios (Hannah) de Sebastia, o Arcebispo do Patriarcado Ortodoxo de Jerusal\u00e9m. Na r\u00e9plica, o arcebispo condenou os panfletos que foram espalhados por toda a cidade de Jerusal\u00e9m. Ele enfatizou o perigo de tal boletim, uma vez que enfatizou a matarem os l\u00edderes da igreja e alvejado todas as igrejas nas vizinhan\u00e7as de Jerusal\u00e9m e da comunidade crist\u00e3 em geral. Ele afirmou que &#8220;os crist\u00e3os n\u00e3o v\u00e3o deixar esta terra sagrada e n\u00e3o v\u00e3o abandonar a nossa f\u00e9 crist\u00e3&#8221;.<\/p>\n<p>Enquanto os folhetos acusavam os crist\u00e3os \u00e1rabes de serem &#8220;colaboradores israelenses&#8221;, \u00e9 de salientar que o arcebispo na sua condena\u00e7\u00e3o do boletim enfatizou sua condena\u00e7\u00e3o de Israel insistindo que h\u00e1 uma unidade entre mu\u00e7ulmanos e crist\u00e3os em Jerusal\u00e9m, e que est\u00e1 determinado a lutar contra o que ele chamou de &#8220;a ocupa\u00e7\u00e3o israelense&#8221;.<\/p>\n<p>Temos enfatizado h\u00e1 anos que os crist\u00e3os \u00e1rabes, especialmente na Terra Santa, tem abrigado \u00f3dio contra Israel. Eles ir\u00e3o, no futuro, ser severamente perseguidos pelos mu\u00e7ulmanos, independentemente de quem eles colaborarem com, Israel ou Palestina. Mais cedo ou mais tarde, tal ignor\u00e2ncia dos \u00e1rabes crist\u00e3os ser\u00e3o resolvidos quando os mu\u00e7ulmanos come\u00e7arem a decapitar aos crist\u00e3os que foram alimentados com a agenda anti-sionista.<\/p>\n<p>&nbsp;<\/p>\n<\/div>\n<div>\n<div data-ft=\"{&quot;tn&quot;:&quot;H&quot;}\">\n<div class=\"mtm\">\n<div id=\"u_0_r\" class=\"_6m2 _1zpr clearfix _dcs _4_w4 _59ap\" data-ft=\"{&quot;tn&quot;:&quot;H&quot;}\">\n<div class=\"clearfix _2r3x\">\n<div class=\"lfloat _ohe\">\n<div class=\"_6ks\">\n<div class=\"_6l- __c_\">\n<div class=\"uiScaledImageContainer _6m5 fbStoryAttachmentImage\"><img loading=\"lazy\" class=\"scaledImageFitWidth img\" src=\"https:\/\/fbexternal-a.akamaihd.net\/safe_image.php?d=AQB3i_G_kVzBU6p7&amp;w=470&amp;h=246&amp;url=http%3A%2F%2Fshoebat.com%2Fwp-content%2Fuploads%2F2015%2F06%2F394801-c54179d4-8463-11e4-b7a3-5366c32c384a.jpg&amp;cfs=1&amp;upscale=1&amp;sx=0&amp;sy=9&amp;sw=650&amp;sh=340\" alt=\"\" width=\"470\" height=\"246\" \/><\/div>\n<\/div>\n<\/div>\n<div class=\"_3ekx\">\n<div class=\"_6m3\">\n<div class=\"mbs _6m6\"><a href=\"http:\/\/l.facebook.com\/l.php?u=http%3A%2F%2Fshoebat.com%2F2015%2F06%2F27%2Fmuslims-issue-a-bulletin-throughout-the-city-of-jerusalem-calling-on-muslims-to-massacre-all-of-the-christians-in-jerusalem-by-the-end-of-ramadan%2F&amp;h=IAQENKeIm&amp;s=1\" target=\"_blank\" rel=\"nofollow\">Mu\u00e7ulmanos emitem um boletim em Jerusal\u00e9m chamando os mu\u00e7ulmanos ao Massacre no fim do Ramad\u00e3-Ingl\u00eas<\/a><\/div>\n<div class=\"_59tj\">\n<div class=\"_6lz _6mb ellipsis\">SHOEBAT.COM<\/div>\n<\/div>\n<\/div>\n<\/div>\n<\/div>\n<\/div>\n<\/div>\n<\/div>\n<\/div>\n<\/div>\n<\/blockquote>\n<p>Fonte: <em><a href=\"https:\/\/www.facebook.com\/DioneiCleberVieira\/posts\/1094468043916537\" target=\"_blank\">Dionei Vieira &#8211; No prop\u00f3sito do ISIS de fazer do m\u00eas do Ramad\u00e3, um&#8230;<\/a><\/em><\/p>\n","protected":false},"excerpt":{"rendered":"<p>No prop\u00f3sito do ISIS de fazer do m\u00eas do Ramad\u00e3, um m\u00eas de &#8220;Terror aos Infi\u00e9is\u201d, eles buscam incitar os mu\u00e7ulmanos pelo mundo para realizarem diversos ataques, e incitam que os mu\u00e7ulmanos de Jerusal\u00e9m fa\u00e7am um massacre no fim do m\u00eas do Ramad\u00e3 \u2026 Segue artigo traduzido: &#8212;&#8212;&#8212;&#8212;&#8212;&#8212;&#8212;&#8212;&#8212;&#8212;&#8212;&#8212;&#8212;&#8212;&#8212;&#8212;&#8212;&#8212;&#8212;&#8212;&#8212;&#8212;&#8212;&#8212;&#8212;&#8212;&#8212;&#8212;&#8212;&#8212;&#8212; Em Jerusal\u00e9m, panfletos foram espalhados por toda [&hellip;]<\/p>\n","protected":false},"author":2,"featured_media":0,"comment_status":"open","ping_status":"open","sticky":false,"template":"","format":"standard","meta":[],"categories":[43,39,18,69],"tags":[],"_links":{"self":[{"href":"http:\/\/dcvcorp.com.br\/index.php?rest_route=\/wp\/v2\/posts\/1576"}],"collection":[{"href":"http:\/\/dcvcorp.com.br\/index.php?rest_route=\/wp\/v2\/posts"}],"about":[{"href":"http:\/\/dcvcorp.com.br\/index.php?rest_route=\/wp\/v2\/types\/post"}],"author":[{"embeddable":true,"href":"http:\/\/dcvcorp.com.br\/index.php?rest_route=\/wp\/v2\/users\/2"}],"replies":[{"embeddable":true,"href":"http:\/\/dcvcorp.com.br\/index.php?rest_route=%2Fwp%2Fv2%2Fcomments&post=1576"}],"version-history":[{"count":1,"href":"http:\/\/dcvcorp.com.br\/index.php?rest_route=\/wp\/v2\/posts\/1576\/revisions"}],"predecessor-version":[{"id":1577,"href":"http:\/\/dcvcorp.com.br\/index.php?rest_route=\/wp\/v2\/posts\/1576\/revisions\/1577"}],"wp:attachment":[{"href":"http:\/\/dcvcorp.com.br\/index.php?rest_route=%2Fwp%2Fv2%2Fmedia&parent=1576"}],"wp:term":[{"taxonomy":"category","embeddable":true,"href":"http:\/\/dcvcorp.com.br\/index.php?rest_route=%2Fwp%2Fv2%2Fcategories&post=1576"},{"taxonomy":"post_tag","embeddable":true,"href":"http:\/\/dcvcorp.com.br\/index.php?rest_route=%2Fwp%2Fv2%2Ftags&post=1576"}],"curies":[{"name":"wp","href":"https:\/\/api.w.org\/{rel}","templated":true}]}}