{"id":1919,"date":"2015-08-30T09:11:02","date_gmt":"2015-08-30T12:11:02","guid":{"rendered":"http:\/\/dcvcorp.com.br\/?p=1919"},"modified":"2021-01-07T18:35:04","modified_gmt":"2021-01-07T21:35:04","slug":"o-shemitah-e-os-eventos-da-segunda-guerra-mundial","status":"publish","type":"post","link":"http:\/\/dcvcorp.com.br\/?p=1919","title":{"rendered":"O Shemitah e os Eventos da Segunda Guerra Mundial"},"content":{"rendered":"<blockquote>\n<div class=\"_1dwg\">\n<div class=\"_5pbx userContent\" data-ft=\"{&quot;tn&quot;:&quot;K&quot;}\">\n<p>Aos que conhecem um pouco de hist\u00f3ria, segue uma curiosidade sobre fatos envolvendo a Segunda Guerra Mundial e os ciclos e tempos determinados do calend\u00e1rio do SENHOR.<\/p>\n<p>Como podem ver nos calend\u00e1rios disponibilizados nas imagens, perceba que ao findar o dia 29 de Elul do ano de 5698 ( ano Shemitah de 1937\/1938 ), logo em seguida, no dia 27 de setembro de 1938 ( nos primeiros dias de 5699 ), Hitler move as suas tropas na fronteira com a Tchecoslov\u00e1quia com o intuito de anexar as regi\u00f5es de l\u00edngua alem\u00e3 desse pa\u00eds \u00e0 Alemanha, algo similar ao que havia sido feito com a \u00c1ustria anteriormente, em 12 de mar\u00e7o de 1938.<\/p>\n<p>Em 26 de setembro de 1938, Hitler interrompeu a Oktoberfest alem\u00e3 com o aviso de que havia dado um ultimato ao mundo de que haveria ou a guerra ou a paz e, em 27 de setembro de 1938, as suas tropas estavam em movimento. Nesse mesmo dia, em 27 de setembro de 1938, Neville Chamberlain, primeiro ministro da Inglaterra, recomendou que o Presidente Tcheco Edvard Bene\u0161, aceitasse a ocupa\u00e7\u00e3o parcial do poder militar de Hitler no intuito de manter a paz.<\/p>\n<p>Nos Estados Unidos, o presidente Franklin Roosevelt foi chamado para uma confer\u00eancia internacional na tentativa de manter a paz. O rei da Su\u00e9cia tamb\u00e9m tentou acalmar Adolf Hitler, enviando-lhe uma mensagem aconselhando-o de que o poderio militar alem\u00e3o da \u00e9poca n\u00e3o seria p\u00e1reo para a for\u00e7a combinada das pot\u00eancias aliadas opostas. At\u00e9 mesmo o chefe da Kriegsmarine, Erich Raeder, tentou convencer Adolf Hitler para n\u00e3o provocar a guerra. No final do dia, a Tchecoslov\u00e1quia finalmente recebeu algum apoio externo, quando a Iugosl\u00e1via e a Rom\u00e9nia declararam que iriam oferecer assist\u00eancia militar.<\/p>\n<p>Essa situa\u00e7\u00e3o de 27 de setembro de 1938, levou ao famigerado Acordo de Munique em 29 de setembro de 1938, onde Neville Chamberlain assinou com Hitler um acordo que dava \u00e0 Alemanha os Sudetas ( Sudetenland ), come\u00e7ando em 10 de outubro ( no dia da Festa dos Tabern\u00e1culos daquele ano ), e o controle efetivo do resto da Tchecoslov\u00e1quia, desde que Hitler prometesse que esta seria a \u00faltima reivindica\u00e7\u00e3o territorial da Alemanha.<\/p>\n<p>Chamberlain foi recebido como um her\u00f3i \u00e0 sua chegada ao Reino Unido. No aeroporto de Heston, ele fez o famoso discurso, agora ingl\u00f3rio, &#8220;peace in our time&#8221; ( paz para o nosso tempo ) e acenou com a folha de papel branca para uma multid\u00e3o em del\u00edrio, embora alguns do Reino Unido ainda tivessem quest\u00f5es diplom\u00e1ticas mal resolvidas para esclarecer, a popula\u00e7\u00e3o em geral era a favor do tratado.<\/p>\n<p>Sabemos pela hist\u00f3ria que Hitler n\u00e3o parou a\u00ed e que n\u00e3o houve paz alguma, mas sim uma guerra que foi at\u00e9 o ano de 1945, onde, em 29 de Elul do ano Shemitah de 5705 ( 1944\/1945 ), houve o desfile da vit\u00f3ria dos aliados em 7 de setembro de 1945 em Berlim.<\/p>\n<p>Seriam estas datas e eventos apenas meras coincid\u00eancias envolvendo os meses de Elul e Tishrei, justamente em \u00e9pocas de mudan\u00e7as de ciclos e ainda por cima em anos Shemitah?! Eu n\u00e3o acredito nesse tipo de &#8220;coincid\u00eancias&#8221;, ainda mais quando voc\u00ea estuda com mais detalhes outros eventos na hist\u00f3ria e certos padr\u00f5es recorrentes, tanto nas esferas militares, como econ\u00f4micas, pol\u00edticas e outras relacionadas.<\/p>\n<p>Isso apenas demonstra, assim como outros eventos durante a hist\u00f3ria, que o SENHOR mant\u00e9m o controle da hist\u00f3ria e que Seus &#8220;Tempos Determinados&#8221; ( \u05de\u05e2\u05d3 mo`ed no hebraico &#8230; \u03ba\u03b1\u03b9\u03c1\u03bf\u03c2 kairos no grego ) s\u00e3o mantidos, \u00e9pocas onde economias e imp\u00e9rios s\u00e3o derrubados e outros levantados, haja visto os movimentos de poder que ocorreram na Primeira Guerra, assim como houve na Segunda &#8230; os quais por fim levaram ao prof\u00e9tico renascimento do Estado de Israel e a um marco do tempo do fim desta era e de um novo ciclo que dia-a-dia se aproxima.<\/p>\n<p>Vivemos tempos interessantes e \u00e9pocas igualmente curiosas, repletas de sinais e situa\u00e7\u00f5es vistas no passado, mas agora dentro de um novo ciclo da hist\u00f3ria &#8230; um tempo para se buscar ao SENHOR e Sua sabedoria!<\/p>\n<\/div>\n<div>\n<div data-ft=\"{&quot;tn&quot;:&quot;H&quot;}\">\n<div class=\"mtm\">\n<div class=\"_2a2q\">\n<div><\/div>\n<div class=\"_46-h\"><a href=\"http:\/\/dcvcorp.com.br\/wp-content\/uploads\/setembro_1938.jpg\"><img loading=\"lazy\" class=\"alignnone size-full wp-image-4282\" src=\"http:\/\/dcvcorp.com.br\/wp-content\/uploads\/setembro_1938.jpg\" alt=\"\" width=\"960\" height=\"444\" srcset=\"http:\/\/dcvcorp.com.br\/wp-content\/uploads\/setembro_1938.jpg 960w, http:\/\/dcvcorp.com.br\/wp-content\/uploads\/setembro_1938-300x139.jpg 300w, http:\/\/dcvcorp.com.br\/wp-content\/uploads\/setembro_1938-768x355.jpg 768w\" sizes=\"(max-width: 960px) 100vw, 960px\" \/><\/a><\/div>\n<div><a href=\"http:\/\/dcvcorp.com.br\/wp-content\/uploads\/setembro_1945.jpg\"><img loading=\"lazy\" class=\"alignnone size-large wp-image-4281\" src=\"http:\/\/dcvcorp.com.br\/wp-content\/uploads\/setembro_1945-1024x565.jpg\" alt=\"\" width=\"648\" height=\"358\" srcset=\"http:\/\/dcvcorp.com.br\/wp-content\/uploads\/setembro_1945-1024x565.jpg 1024w, http:\/\/dcvcorp.com.br\/wp-content\/uploads\/setembro_1945-300x165.jpg 300w, http:\/\/dcvcorp.com.br\/wp-content\/uploads\/setembro_1945-768x423.jpg 768w, http:\/\/dcvcorp.com.br\/wp-content\/uploads\/setembro_1945.jpg 1150w\" sizes=\"(max-width: 648px) 100vw, 648px\" \/><\/a><\/div>\n<\/div>\n<\/div>\n<\/div>\n<\/div>\n<\/div>\n<\/blockquote>\n<div><\/div>\n<p>Fonte: <em><a href=\"https:\/\/www.facebook.com\/DioneiCleberVieira\/posts\/1135376406492367\" target=\"_blank\" rel=\"noopener\">Dionei Vieira &#8211; Aos que conhecem pouco de hist\u00f3ria, segue uma&#8230;<\/a><\/em><\/p>\n","protected":false},"excerpt":{"rendered":"<p>Aos que conhecem um pouco de hist\u00f3ria, segue uma curiosidade sobre fatos envolvendo a Segunda Guerra Mundial e os ciclos e tempos determinados do calend\u00e1rio do SENHOR. Como podem ver nos calend\u00e1rios disponibilizados nas imagens, perceba que ao findar o dia 29 de Elul do ano de 5698 ( ano Shemitah de 1937\/1938 ), logo [&hellip;]<\/p>\n","protected":false},"author":2,"featured_media":0,"comment_status":"open","ping_status":"open","sticky":false,"template":"","format":"standard","meta":[],"categories":[24,68,71,19],"tags":[],"_links":{"self":[{"href":"http:\/\/dcvcorp.com.br\/index.php?rest_route=\/wp\/v2\/posts\/1919"}],"collection":[{"href":"http:\/\/dcvcorp.com.br\/index.php?rest_route=\/wp\/v2\/posts"}],"about":[{"href":"http:\/\/dcvcorp.com.br\/index.php?rest_route=\/wp\/v2\/types\/post"}],"author":[{"embeddable":true,"href":"http:\/\/dcvcorp.com.br\/index.php?rest_route=\/wp\/v2\/users\/2"}],"replies":[{"embeddable":true,"href":"http:\/\/dcvcorp.com.br\/index.php?rest_route=%2Fwp%2Fv2%2Fcomments&post=1919"}],"version-history":[{"count":4,"href":"http:\/\/dcvcorp.com.br\/index.php?rest_route=\/wp\/v2\/posts\/1919\/revisions"}],"predecessor-version":[{"id":4285,"href":"http:\/\/dcvcorp.com.br\/index.php?rest_route=\/wp\/v2\/posts\/1919\/revisions\/4285"}],"wp:attachment":[{"href":"http:\/\/dcvcorp.com.br\/index.php?rest_route=%2Fwp%2Fv2%2Fmedia&parent=1919"}],"wp:term":[{"taxonomy":"category","embeddable":true,"href":"http:\/\/dcvcorp.com.br\/index.php?rest_route=%2Fwp%2Fv2%2Fcategories&post=1919"},{"taxonomy":"post_tag","embeddable":true,"href":"http:\/\/dcvcorp.com.br\/index.php?rest_route=%2Fwp%2Fv2%2Ftags&post=1919"}],"curies":[{"name":"wp","href":"https:\/\/api.w.org\/{rel}","templated":true}]}}