{"id":2309,"date":"2015-12-11T16:30:57","date_gmt":"2015-12-11T18:30:57","guid":{"rendered":"http:\/\/dcvcorp.com.br\/?p=2309"},"modified":"2018-12-11T09:20:03","modified_gmt":"2018-12-11T11:20:03","slug":"hamas-e-seu-vinculo-com-o-tempo-do-fim","status":"publish","type":"post","link":"http:\/\/dcvcorp.com.br\/?p=2309","title":{"rendered":"HAMAS e o seu v\u00ednculo com o Tempo do Fim"},"content":{"rendered":"<blockquote>\n<div class=\"_1dwg\">\n<div id=\"js_2\" class=\"_5pbx userContent\" data-ft=\"{&quot;tn&quot;:&quot;K&quot;}\">\n<p><a href=\"http:\/\/dcvcorp.com.br\/wp-content\/uploads\/hamas.png\"><img loading=\"lazy\" class=\"size-full wp-image-3328 aligncenter\" src=\"http:\/\/dcvcorp.com.br\/wp-content\/uploads\/hamas.png\" alt=\"\" width=\"713\" height=\"349\" srcset=\"http:\/\/dcvcorp.com.br\/wp-content\/uploads\/hamas.png 713w, http:\/\/dcvcorp.com.br\/wp-content\/uploads\/hamas-300x147.png 300w\" sizes=\"(max-width: 713px) 100vw, 713px\" \/><\/a><\/p>\n<p>Eu j\u00e1 escrevi sobre isso antes, mas dessa vez vou estender um pouco mais os meus coment\u00e1rios. O nome do grupo terrorista isl\u00e2mico, que est\u00e1 na regi\u00e3o de Israel atualmente, e que tem o nome de HAMAS, n\u00e3o o tem por acaso, est\u00e1 relacionado \u00e0s profecias antigas e que apontam para o tempo do fim.<\/p>\n<p>Para quem n\u00e3o sabe, <strong>FONETICAMENTE<\/strong>, o termo\u00a0<strong>HAMAS\u00a0<\/strong>( ou \u05d7\u05de\u05e1 &#8220;chamac&#8221;, onde o &#8220;ch&#8221; tem som de &#8220;r&#8221;) em hebraico significa \u201c<strong>viol\u00eancia<\/strong>\u201d { vide dicion\u00e1rio\u00a0<em>Strong: 02554; <strong>viol\u00eancia, dano, crueldade, injusti\u00e7a\u00a0<\/strong><\/em>}.<\/p>\n<p>Curiosamente, HAMAS \u00e9 um acr\u00f4nimo em \u00e1rabe para &#8220;<em>Harakat al-al-Islamiyya Muqawamah<\/em>&#8220;, que significa &#8220;<strong><em>O Movimento de Resist\u00eancia Isl\u00e2mica<\/em><\/strong>&#8220;. Mas &#8220;<em>o Hamas<\/em>&#8221; tamb\u00e9m \u00e9 uma palavra \u00e1rabe que significa &#8220;<em>zelo<\/em>\u201d. E n\u00e3o d\u00e1 para negar que eles buscam mesmo destruir Israel com determinado \u201c<em>zelo<\/em>\u201d.<\/p>\n<p>Quando as profecias dizem que o tempo da vinda do SENHOR ser\u00e1 similar aos tempos de No\u00e9 e de Sodoma e Gomorra, \u00e9 necess\u00e1rio que voc\u00ea entenda o que ocorria nessa \u00e9poca &#8230; e aqui eu vou me referir apenas a um dos aspectos dessa \u00e9poca, no caso ao da viol\u00eancia, que \u00e9 comum de se observar em ambos os casos.<\/p>\n<p>Em G\u00eanesis 6:11 e 13, h\u00e1 dois vers\u00edculos importantes que caracterizam o tempo de No\u00e9, veja abaixo:<\/p>\n<p style=\"padding-left: 30px;\">&#8220;<strong>A terra estava corrompida \u00e0 vista de Deus e cheia de <span style=\"color: #ff0000;\">VIOL\u00caNCIA<\/span> ( \u05d7\u05de\u05e1 chamac ).<\/strong>\u201d (G\u00eanesis 6:11)<\/p>\n<p style=\"padding-left: 30px;\">&#8220;<strong>Ent\u00e3o, disse Deus a No\u00e9: Resolvi dar cabo de toda carne, porque a terra est\u00e1 cheia da <span style=\"color: #ff0000;\">VIOL\u00caNCIA<\/span> ( \u05d7\u05de\u05e1 chamac ) dos homens; eis que os farei perecer juntamente com a terra.<\/strong>\u201d (G\u00eanesis 6:13)<\/p>\n<p>Em ambos os textos fica caracterizado a viol\u00eancia [ HAMAS ] na terra na \u00e9poca de No\u00e9, da mesma forma, hoje na regi\u00e3o de Israel est\u00e1 impregnado o HAMAS, a viol\u00eancia.<\/p>\n<p>Agora vamos analisar alguns textos relacionados \u00e0s profecias do tempo do fim, veja o que diz o texto de Am\u00f3s &#8230;, por\u00e9m eu vou atualizar o texto para os tempos atuais colocando ao lado de algumas palavras o nome moderno e atual:<\/p>\n<p style=\"padding-left: 30px;\">&#8220;<strong>Ai dos que andam \u00e0 vontade em Si\u00e3o e dos que vivem sem receio no monte de Samaria, homens not\u00e1veis da principal das na\u00e7\u00f5es, aos quais vem a casa de Israel! Passai a Caln\u00e9 [\u00a0<span style=\"text-decoration: underline;\">IRAQUE\u00a0<\/span>] e vede; e, dali, ide \u00e0 grande Hamate [\u00a0<span style=\"text-decoration: underline;\">S\u00cdRIA\u00a0<\/span>]; depois, descei a Gate dos filisteus [\u00a0<span style=\"text-decoration: underline;\">FAIXA DE GAZA\u00a0<\/span>]; sois melhores que estes reinos? Ou ser\u00e1 maior o seu territ\u00f3rio do que o vosso territ\u00f3rio? V\u00f3s que imaginais estar longe o dia mau e fazeis chegar o trono da <span style=\"color: #ff0000;\">VIOL\u00caNCIA<\/span> [ HAMAS ]<\/strong>\u201d (Am\u00f3s 6:1-3)<\/p>\n<p>Percebe o que acontece hoje no Iraque, na S\u00edria e na Faixa de Gaza?!<\/p>\n<p>Agora veja o texto de Joel:<\/p>\n<p style=\"padding-left: 30px;\">&#8220;<strong>O Egito se tornar\u00e1 uma desola\u00e7\u00e3o, e Edom [\u00a0<span style=\"text-decoration: underline;\">sul da Jord\u00e2nia\u00a0<\/span>] se far\u00e1 um deserto abandonado, por causa da <span style=\"color: #ff0000;\">VIOL\u00caNCIA<\/span> [ HAMAS ] que fizeram aos filhos de Jud\u00e1, em cuja terra derramaram sangue inocente. Jud\u00e1, por\u00e9m, ser\u00e1 habitada para sempre, e Jerusal\u00e9m, de gera\u00e7\u00e3o em gera\u00e7\u00e3o. Eu expiarei o sangue dos que n\u00e3o foram expiados, porque o SENHOR habitar\u00e1 em Si\u00e3o.<\/strong>\u201d (Joel 3:19-21)<\/p>\n<p>Dessa forma, podemos deduzir que, devido \u00e0s obras de viol\u00eancia [ HAMAS ], haver\u00e1 uma resposta vinda do SENHOR e\/ou dos filhos de Jud\u00e1, que est\u00e3o hoje na moderna Israel, o que tornar\u00e1 a regi\u00e3o do antigo Egito e Edom em uma regi\u00e3o des\u00e9rtica, possivelmente isso pode decorrer\u00a0de algum tipo de ataque, talvez at\u00e9 nuclear.<\/p>\n<p>Poderia ainda citar os textos de Ezequiel 7, entre outros, que apontam n\u00e3o apenas para as coisas que vemos ocorrendo hoje, mas tamb\u00e9m para o fato de que essa viol\u00eancia vinda de grupos isl\u00e2micos ( muitos deles descendentes de Ismael e Esa\u00fa ) ir\u00e1 ter um fim \u2026 fim este vindo da parte do SENHOR \u2026 e isso pode acontecer num futuro n\u00e3o muito distante \u2026 veja estes textos de Isa\u00edas e Obadias:<\/p>\n<p style=\"padding-left: 30px;\">&#8220;<strong>Nunca mais se ouvir\u00e1 de <span style=\"color: #ff0000;\">VIOL\u00caNCIA<\/span> [HAMAS] na tua terra, de desola\u00e7\u00e3o ou ru\u00ednas, nos teus limites; mas aos teus muros chamar\u00e1s Salva\u00e7\u00e3o, e \u00e0s tuas portas, Louvor.<\/strong>\u201d (Isa\u00edas 60:18)<\/p>\n<p style=\"padding-left: 30px;\">&#8220;<strong>Por causa da <span style=\"color: #ff0000;\">VIOL\u00caNCIA<\/span> [HAMAS] feita a teu irm\u00e3o Jac\u00f3, cobrir-te-\u00e1 a vergonha, e ser\u00e1s exterminado para sempre.<\/strong>\u201d (Obadias 1:10)<\/p>\n<p>\u00c9 apenas uma quest\u00e3o de tempo &#8230;<\/p>\n<p>Fonte: <em><a href=\"https:\/\/www.facebook.com\/DioneiCleberVieira\/posts\/1192701317426542\" target=\"_blank\" rel=\"noopener\">Dionei Vieira &#8211; Para quem n\u00e3o sabe, HAMAS, em hebraico significa&#8230;<\/a><\/em><\/p>\n<\/div>\n<\/div>\n<\/blockquote>\n","protected":false},"excerpt":{"rendered":"<p>Eu j\u00e1 escrevi sobre isso antes, mas dessa vez vou estender um pouco mais os meus coment\u00e1rios. O nome do grupo terrorista isl\u00e2mico, que est\u00e1 na regi\u00e3o de Israel atualmente, e que tem o nome de HAMAS, n\u00e3o o tem por acaso, est\u00e1 relacionado \u00e0s profecias antigas e que apontam para o tempo do fim. [&hellip;]<\/p>\n","protected":false},"author":2,"featured_media":0,"comment_status":"open","ping_status":"open","sticky":false,"template":"","format":"standard","meta":[],"categories":[24,70,68,27,71,43,72,39,19,31,69],"tags":[],"_links":{"self":[{"href":"http:\/\/dcvcorp.com.br\/index.php?rest_route=\/wp\/v2\/posts\/2309"}],"collection":[{"href":"http:\/\/dcvcorp.com.br\/index.php?rest_route=\/wp\/v2\/posts"}],"about":[{"href":"http:\/\/dcvcorp.com.br\/index.php?rest_route=\/wp\/v2\/types\/post"}],"author":[{"embeddable":true,"href":"http:\/\/dcvcorp.com.br\/index.php?rest_route=\/wp\/v2\/users\/2"}],"replies":[{"embeddable":true,"href":"http:\/\/dcvcorp.com.br\/index.php?rest_route=%2Fwp%2Fv2%2Fcomments&post=2309"}],"version-history":[{"count":15,"href":"http:\/\/dcvcorp.com.br\/index.php?rest_route=\/wp\/v2\/posts\/2309\/revisions"}],"predecessor-version":[{"id":3845,"href":"http:\/\/dcvcorp.com.br\/index.php?rest_route=\/wp\/v2\/posts\/2309\/revisions\/3845"}],"wp:attachment":[{"href":"http:\/\/dcvcorp.com.br\/index.php?rest_route=%2Fwp%2Fv2%2Fmedia&parent=2309"}],"wp:term":[{"taxonomy":"category","embeddable":true,"href":"http:\/\/dcvcorp.com.br\/index.php?rest_route=%2Fwp%2Fv2%2Fcategories&post=2309"},{"taxonomy":"post_tag","embeddable":true,"href":"http:\/\/dcvcorp.com.br\/index.php?rest_route=%2Fwp%2Fv2%2Ftags&post=2309"}],"curies":[{"name":"wp","href":"https:\/\/api.w.org\/{rel}","templated":true}]}}