{"id":2320,"date":"2015-12-15T08:46:48","date_gmt":"2015-12-15T10:46:48","guid":{"rendered":"http:\/\/dcvcorp.com.br\/?p=2320"},"modified":"2015-12-15T08:46:48","modified_gmt":"2015-12-15T10:46:48","slug":"isis-emite-lei-fatwa-para-matar-criancas-com-sindrome-de-down","status":"publish","type":"post","link":"http:\/\/dcvcorp.com.br\/?p=2320","title":{"rendered":"ISIS Emite Lei (Fatwa) para Matar Crian\u00e7as com S\u00edndrome de Down"},"content":{"rendered":"<blockquote>\n<div id=\"js_2\" class=\"_5pbx userContent\" data-ft=\"{&quot;tn&quot;:&quot;K&quot;}\">\n<p>Cada vez mais o Islamonazismo mostra a sua verdadeira natureza \u2026<br \/>\n&#8212;&#8212;&#8212;&#8212;&#8212;&#8212;&#8212;&#8212;&#8212;&#8212;&#8212;&#8212;&#8212;&#8212;&#8212;&#8212;&#8212;&#8212;&#8212;&#8212;&#8212;&#8212;&#8212;&#8212;&#8212;&#8212;&#8212;&#8212;&#8212;&#8212;&#8212;&#8212;&#8212;-<br \/>\n&#8220;O Conselho de shar&#8217;i do ISIL emitiu uma fatwa (lei) Oral para os seus membros autorizando-os a matarem beb\u00eas rec\u00e9m-nascidos com S\u00edndrome de Down e deformidades cong\u00eanitas e as crian\u00e7as com defici\u00eancia&#8221;.<\/p>\n<div class=\"\"><\/div>\n<\/div>\n<div class=\"_3x-2\">\n<div data-ft=\"{&quot;tn&quot;:&quot;H&quot;}\">\n<div class=\"mtm\">\n<div id=\"u_0_w\" class=\"_6m2 _1zpr clearfix _dcs _4_w4 _59ap\" data-ft=\"{&quot;tn&quot;:&quot;H&quot;}\">\n<div class=\"clearfix _2r3x\">\n<div class=\"lfloat _ohe\">\n<div class=\"_6ks\">\n<div class=\"_6l- __c_\">\n<div class=\"uiScaledImageContainer _6m5 fbStoryAttachmentImage\"><img loading=\"lazy\" class=\"scaledImageFitWidth img\" src=\"https:\/\/fbexternal-a.akamaihd.net\/safe_image.php?d=AQC8dEIyBaru0De7&amp;w=470&amp;h=246&amp;url=http%3A%2F%2Fwww.clarionproject.org%2Fsites%2Fdefault%2Ffiles%2FScreenshot-disabled-child-640-320.jpg&amp;cfs=1&amp;upscale=1&amp;sx=14&amp;sy=0&amp;sw=611&amp;sh=320&amp;ext=png2jpg\" alt=\"\" width=\"470\" height=\"246\" \/><\/div>\n<\/div>\n<\/div>\n<div class=\"_3ekx\">\n<div class=\"_6m3\">\n<div class=\"mbs _6m6\"><a href=\"http:\/\/l.facebook.com\/l.php?u=http%3A%2F%2Fwww.clarionproject.org%2Fnews%2Freport-isis-issues-fatwa-kill-downs-syndrome-children&amp;h=6AQGdJN1c&amp;enc=AZP3niGfg1XnpJ2tXnmFVSyGJ21jpMlLR84qdlCqIHxzkrVYO_rl7gKE2tz2VM-OXksVz3Ko1D2uyLxB2SI7SAqdwNePa2zy8z6Qcb-LMMdwqTSr3mmF-PKDjpKqhzSjYO74wOFERguoSFoPyLuiSoYGAh7Wgoty4b4G-CBePZ7uwsPFJ_IaRm0B2v9xaJjSmj7qXN_KLuFx67-Gs0bK5c5V&amp;s=1\" target=\"_blank\" rel=\"nofollow\">ISIS Emite Lei (Fatwa) para Matar Crian\u00e7as com S\u00edndrome de Down &#8211; Artigo em Ingl\u00eas<\/a><\/div>\n<div class=\"_6m7\">The Facebook page, Mosul Eye, which claims to be writing from within Mosul, reported the existence of the fatwa and the killings of 38 &#8216;defective&#8217; babies.<\/div>\n<div class=\"_59tj\">\n<div>\n<div class=\"_6lz _6mb ellipsis\">CLARIONPROJECT.ORG<\/div>\n<div class=\"_5tc6\"><\/div>\n<\/div>\n<\/div>\n<\/div>\n<\/div>\n<\/div>\n<\/div>\n<\/div>\n<\/div>\n<\/div>\n<\/div>\n<\/blockquote>\n<p>Fonte: <em><a href=\"https:\/\/www.facebook.com\/DioneiCleberVieira\/posts\/1194557440574263\" target=\"_blank\">Dionei Vieira &#8211; Cada vez mais o Islamonazismo mostra a sua&#8230;<\/a><\/em><\/p>\n","protected":false},"excerpt":{"rendered":"<p>Cada vez mais o Islamonazismo mostra a sua verdadeira natureza \u2026 &#8212;&#8212;&#8212;&#8212;&#8212;&#8212;&#8212;&#8212;&#8212;&#8212;&#8212;&#8212;&#8212;&#8212;&#8212;&#8212;&#8212;&#8212;&#8212;&#8212;&#8212;&#8212;&#8212;&#8212;&#8212;&#8212;&#8212;&#8212;&#8212;&#8212;&#8212;&#8212;&#8212;- &#8220;O Conselho de shar&#8217;i do ISIL emitiu uma fatwa (lei) Oral para os seus membros autorizando-os a matarem beb\u00eas rec\u00e9m-nascidos com S\u00edndrome de Down e deformidades cong\u00eanitas e as crian\u00e7as com defici\u00eancia&#8221;. ISIS Emite Lei (Fatwa) para Matar Crian\u00e7as com S\u00edndrome de Down [&hellip;]<\/p>\n","protected":false},"author":2,"featured_media":0,"comment_status":"open","ping_status":"open","sticky":false,"template":"","format":"standard","meta":[],"categories":[27,43,39,18,69],"tags":[],"_links":{"self":[{"href":"http:\/\/dcvcorp.com.br\/index.php?rest_route=\/wp\/v2\/posts\/2320"}],"collection":[{"href":"http:\/\/dcvcorp.com.br\/index.php?rest_route=\/wp\/v2\/posts"}],"about":[{"href":"http:\/\/dcvcorp.com.br\/index.php?rest_route=\/wp\/v2\/types\/post"}],"author":[{"embeddable":true,"href":"http:\/\/dcvcorp.com.br\/index.php?rest_route=\/wp\/v2\/users\/2"}],"replies":[{"embeddable":true,"href":"http:\/\/dcvcorp.com.br\/index.php?rest_route=%2Fwp%2Fv2%2Fcomments&post=2320"}],"version-history":[{"count":1,"href":"http:\/\/dcvcorp.com.br\/index.php?rest_route=\/wp\/v2\/posts\/2320\/revisions"}],"predecessor-version":[{"id":2321,"href":"http:\/\/dcvcorp.com.br\/index.php?rest_route=\/wp\/v2\/posts\/2320\/revisions\/2321"}],"wp:attachment":[{"href":"http:\/\/dcvcorp.com.br\/index.php?rest_route=%2Fwp%2Fv2%2Fmedia&parent=2320"}],"wp:term":[{"taxonomy":"category","embeddable":true,"href":"http:\/\/dcvcorp.com.br\/index.php?rest_route=%2Fwp%2Fv2%2Fcategories&post=2320"},{"taxonomy":"post_tag","embeddable":true,"href":"http:\/\/dcvcorp.com.br\/index.php?rest_route=%2Fwp%2Fv2%2Ftags&post=2320"}],"curies":[{"name":"wp","href":"https:\/\/api.w.org\/{rel}","templated":true}]}}