{"id":2322,"date":"2015-12-15T08:51:51","date_gmt":"2015-12-15T10:51:51","guid":{"rendered":"http:\/\/dcvcorp.com.br\/?p=2322"},"modified":"2015-12-15T09:12:06","modified_gmt":"2015-12-15T11:12:06","slug":"pastor-evangelico-em-julgamento-por-afirmar-que-o-isla-e-satanico","status":"publish","type":"post","link":"http:\/\/dcvcorp.com.br\/?p=2322","title":{"rendered":"Pastor evang\u00e9lico em julgamento por afirmar que o Isl\u00e3 \u00e9 \u2018sat\u00e2nico\u2019"},"content":{"rendered":"<blockquote>\n<div class=\"_1dwg\">\n<div id=\"js_2\" class=\"_5pbx userContent\" data-ft=\"{&quot;tn&quot;:&quot;K&quot;}\">\n<p>Seguem trechos traduzidos:<br \/>\n&#8212;&#8212;&#8212;&#8212;&#8212;&#8212;&#8212;&#8212;&#8212;&#8212;&#8212;&#8212;&#8212;&#8212;&#8212;&#8212;&#8212;&#8212;&#8212;&#8212;&#8212;&#8212;&#8212;&#8212;&#8212;&#8212;&#8212;&#8212;&#8212;&#8212;&#8212;&#8212;&#8212;-<br \/>\nUm pastor est\u00e1 enfrentando um processo no tribunal esta semana sob a acusa\u00e7\u00e3o do governo de que a sua mensagem, entregue atrav\u00e9s de comunica\u00e7\u00f5es eletr\u00f4nicas p\u00fablicas, pois foi on-line, era grosseiramente ofensiva, a ponto de ser criminosa.<\/p>\n<p>A decis\u00e3o que resulta do caso, o qual se baseia na descri\u00e7\u00e3o do pastor do Isl\u00e3 como uma &#8220;doutrina gerada no inferno&#8221;, poderia determinar se os pastores crist\u00e3os ser\u00e3o permitidos de pregar a doutrina b\u00edblica no Reino Unido dali em diante.<\/p>\n<p>U.TV no Reino Unido relata que o pastor James McConnell, 78 anos, de Shore Road, Newtownabbey, est\u00e1 enfrentando um julgamento de tr\u00eas dias por encargos decorrentes de alegadas viola\u00e7\u00f5es da Lei de Comunica\u00e7\u00f5es de 2003.<\/p>\n<p>H\u00e1 duas acusa\u00e7\u00f5es pendentes, o uso impr\u00f3prio de uma rede p\u00fablica de comunica\u00e7\u00f5es eletr\u00f4nicas e disseminando uma &#8220;mensagem grosseiramente ofensiva&#8221;, disse o relat\u00f3rio.<\/p>\n<p>Seu serm\u00e3o, proferido do p\u00falpito da Capela de Whitewell Metropolitan, norte de Belfast, ser\u00e1 o assunto do caso Belfast Magistrates Court.<\/p>\n<p>O Daily Mail relatou algumas semanas atr\u00e1s que centenas sa\u00edram em apoio a McConnell, quando o pastor fez uma apresenta\u00e7\u00e3o inicial no tribunal.<\/p>\n<p>Mais detalhes no artigo compartilhado \u2026<\/p>\n<p>Recomendo tamb\u00e9m que leiam a declara\u00e7\u00e3o feita pelo pr\u00f3prio Pastor em seu site, publicada recentemente, aqui:\u00a0<a href=\"http:\/\/www.jamesmcconnell.org\/blog\/my-next-court-appearance\/\" target=\"_blank\" rel=\"nofollow\">http:\/\/www.jamesmcconnell.org\/blog\/my-next-court-appearance\/<\/a><\/p>\n<div class=\"\"><\/div>\n<\/div>\n<div class=\"_3x-2\">\n<div data-ft=\"{&quot;tn&quot;:&quot;H&quot;}\">\n<div class=\"mtm\">\n<div id=\"u_0_w\" class=\"_6m2 _1zpr clearfix _dcs _4_w4 _59ap\" data-ft=\"{&quot;tn&quot;:&quot;H&quot;}\">\n<div class=\"clearfix _2r3x\">\n<div class=\"lfloat _ohe\">\n<div class=\"_6ks\">\n<div class=\"_6l- __c_\">\n<div class=\"uiScaledImageContainer _6m5 fbStoryAttachmentImage\"><img loading=\"lazy\" class=\"scaledImageFitWidth img\" src=\"https:\/\/fbexternal-a.akamaihd.net\/safe_image.php?d=AQAiPLJNLhCDNvLp&amp;w=470&amp;h=246&amp;url=http%3A%2F%2Fwww.wnd.com%2Ffiles%2F2015%2F04%2FBible.png&amp;cfs=1&amp;upscale=1&amp;ext=png2jpg\" alt=\"\" width=\"470\" height=\"246\" \/><\/div>\n<\/div>\n<\/div>\n<div class=\"_3ekx\">\n<div class=\"_6m3\">\n<div class=\"mbs _6m6\"><a href=\"http:\/\/l.facebook.com\/l.php?u=http%3A%2F%2Fwww.wnd.com%2F2015%2F12%2Fevangelical-pastor-on-trial-for-branding-islam-satanic%2F&amp;h=qAQHklTv7&amp;enc=AZN8VKrlxbRTqsuLZHKIpG9Rb6lRO0eMRCcZKEFqRkJ_HuYXhaFLlUNLgcp3VLSxlp1WGXU1_scgCrJZk5qoQv8r9pLVUI4OwOZCAHxwy0iA1W87SaFGFcCfAbbu-du_ObP3fW4upjf0P96ov5lrEdqHZtGP-YpS9A9hxd0VZDAHaq26JaAlA6eN_xSV0iJeJE5vf6G_rI0UEUP1hn0vF7gg&amp;s=1\" target=\"_blank\" rel=\"nofollow\">Pastor evang\u00e9lico em julgamento por afirmar que o Isl\u00e3 \u00e9 \u2018sat\u00e2nico\u2019 &#8211; Artigo em Ingl\u00eas<\/a><\/div>\n<div class=\"_6m7\">var icx_publication_id = 16633; var icx_content_id = 2737165; .icx-toolbar{padding: 0 0 5px 0;} A pastor is facing a court trial this week on a government charge that\u2026<\/div>\n<div class=\"_59tj\">\n<div>\n<div class=\"_6lz _6mb ellipsis\">WND.COM<\/div>\n<div class=\"_5tc6\"><\/div>\n<\/div>\n<\/div>\n<\/div>\n<\/div>\n<\/div>\n<div class=\"_42ef\"><\/div>\n<\/div>\n<\/div>\n<\/div>\n<\/div>\n<\/div>\n<\/div>\n<div><\/div>\n<\/blockquote>\n<p>Fonte: <em><a href=\"https:\/\/www.facebook.com\/DioneiCleberVieira\/posts\/1194563537240320\" target=\"_blank\">Dionei Vieira &#8211; Seguem trechos traduzidos:&#8230;<\/a><\/em><\/p>\n","protected":false},"excerpt":{"rendered":"<p>Seguem trechos traduzidos: &#8212;&#8212;&#8212;&#8212;&#8212;&#8212;&#8212;&#8212;&#8212;&#8212;&#8212;&#8212;&#8212;&#8212;&#8212;&#8212;&#8212;&#8212;&#8212;&#8212;&#8212;&#8212;&#8212;&#8212;&#8212;&#8212;&#8212;&#8212;&#8212;&#8212;&#8212;&#8212;&#8212;- Um pastor est\u00e1 enfrentando um processo no tribunal esta semana sob a acusa\u00e7\u00e3o do governo de que a sua mensagem, entregue atrav\u00e9s de comunica\u00e7\u00f5es eletr\u00f4nicas p\u00fablicas, pois foi on-line, era grosseiramente ofensiva, a ponto de ser criminosa. A decis\u00e3o que resulta do caso, o qual se baseia na descri\u00e7\u00e3o do pastor [&hellip;]<\/p>\n","protected":false},"author":2,"featured_media":0,"comment_status":"open","ping_status":"open","sticky":false,"template":"","format":"standard","meta":[],"categories":[67,43,39,19,18],"tags":[],"_links":{"self":[{"href":"http:\/\/dcvcorp.com.br\/index.php?rest_route=\/wp\/v2\/posts\/2322"}],"collection":[{"href":"http:\/\/dcvcorp.com.br\/index.php?rest_route=\/wp\/v2\/posts"}],"about":[{"href":"http:\/\/dcvcorp.com.br\/index.php?rest_route=\/wp\/v2\/types\/post"}],"author":[{"embeddable":true,"href":"http:\/\/dcvcorp.com.br\/index.php?rest_route=\/wp\/v2\/users\/2"}],"replies":[{"embeddable":true,"href":"http:\/\/dcvcorp.com.br\/index.php?rest_route=%2Fwp%2Fv2%2Fcomments&post=2322"}],"version-history":[{"count":2,"href":"http:\/\/dcvcorp.com.br\/index.php?rest_route=\/wp\/v2\/posts\/2322\/revisions"}],"predecessor-version":[{"id":2324,"href":"http:\/\/dcvcorp.com.br\/index.php?rest_route=\/wp\/v2\/posts\/2322\/revisions\/2324"}],"wp:attachment":[{"href":"http:\/\/dcvcorp.com.br\/index.php?rest_route=%2Fwp%2Fv2%2Fmedia&parent=2322"}],"wp:term":[{"taxonomy":"category","embeddable":true,"href":"http:\/\/dcvcorp.com.br\/index.php?rest_route=%2Fwp%2Fv2%2Fcategories&post=2322"},{"taxonomy":"post_tag","embeddable":true,"href":"http:\/\/dcvcorp.com.br\/index.php?rest_route=%2Fwp%2Fv2%2Ftags&post=2322"}],"curies":[{"name":"wp","href":"https:\/\/api.w.org\/{rel}","templated":true}]}}