{"id":2328,"date":"2015-12-20T10:47:05","date_gmt":"2015-12-20T12:47:05","guid":{"rendered":"http:\/\/dcvcorp.com.br\/?p=2328"},"modified":"2016-09-26T08:56:08","modified_gmt":"2016-09-26T11:56:08","slug":"breve-perspectiva-da-crise-brasileira","status":"publish","type":"post","link":"http:\/\/dcvcorp.com.br\/?p=2328","title":{"rendered":"Breve Perspectiva da Crise Brasileira"},"content":{"rendered":"<blockquote>\n<div class=\"_1dwg\">\n<div id=\"js_2\" class=\"_5pbx userContent\" data-ft=\"{&quot;tn&quot;:&quot;K&quot;}\">\n<p>Se voc\u00ea tem a sensa\u00e7\u00e3o de que esta crise atual do Brasil ser\u00e1 uma das piores da nossa hist\u00f3ria &#8230; \u00e9 porque est\u00e1 caminhando para isso mesmo!!!! Basta observar os gr\u00e1ficos do PIB brasileiro desde 1901 e comparar o cen\u00e1rio atual e as previs\u00f5es (ainda otimistas segundo a minha percep\u00e7\u00e3o) com o hist\u00f3rico \u2026 caminhamos a passos largos, n\u00e3o apenas em uma situa\u00e7\u00e3o de recess\u00e3o, mas para uma depress\u00e3o econ\u00f4mica \u2026 enquanto isso a maioria do povo est\u00e1 t\u00e3o ap\u00e1tica que sequer percebem o que esse misto de apatia com indiferen\u00e7a far\u00e1 com a na\u00e7\u00e3o nos meses e anos subsequentes \u2026 e eu nem estou colocando na equa\u00e7\u00e3o o cen\u00e1rio do problema econ\u00f4mico externo que tende a piorar tudo ainda mais \u2026<\/p>\n<div class=\"\"><\/div>\n<\/div>\n<div class=\"_3x-2\">\n<div data-ft=\"{&quot;tn&quot;:&quot;H&quot;}\">\n<div class=\"mtm\">\n<div class=\"_5cq3\" data-ft=\"{&quot;tn&quot;:&quot;E&quot;}\">\n<div id=\"u_0_z\" class=\"_46-h _4-ep\"><img loading=\"lazy\" class=\"_46-i img aligncenter\" src=\"https:\/\/scontent.ffln1-1.fna.fbcdn.net\/v\/t1.0-9\/10606059_1197711140258893_1655987597458839437_n.jpg?oh=dd5c2d7e7cde4a62c8b7e32ea9dfd7e0&#038;oe=587C2C32\" alt=\"Foto de Dionei Vieira.\" width=\"619\" height=\"400\" \/><\/div>\n<\/div>\n<\/div>\n<\/div>\n<\/div>\n<\/div>\n<div><\/div>\n<\/blockquote>\n<p>Fonte: <em><a href=\"https:\/\/www.facebook.com\/photo.php?fbid=1197711140258893&amp;set=a.874784435884900.1073741827.100000600541195&amp;type=3\" target=\"_blank\">Dionei Vieira &#8211; Se voc\u00ea tem a sensa\u00e7\u00e3o de que esta crise atual do&#8230;<\/a><\/em><\/p>\n","protected":false},"excerpt":{"rendered":"<p>Se voc\u00ea tem a sensa\u00e7\u00e3o de que esta crise atual do Brasil ser\u00e1 uma das piores da nossa hist\u00f3ria &#8230; \u00e9 porque est\u00e1 caminhando para isso mesmo!!!! Basta observar os gr\u00e1ficos do PIB brasileiro desde 1901 e comparar o cen\u00e1rio atual e as previs\u00f5es (ainda otimistas segundo a minha percep\u00e7\u00e3o) com o hist\u00f3rico \u2026 caminhamos [&hellip;]<\/p>\n","protected":false},"author":2,"featured_media":0,"comment_status":"open","ping_status":"open","sticky":false,"template":"","format":"standard","meta":[],"categories":[32,19,18],"tags":[],"_links":{"self":[{"href":"http:\/\/dcvcorp.com.br\/index.php?rest_route=\/wp\/v2\/posts\/2328"}],"collection":[{"href":"http:\/\/dcvcorp.com.br\/index.php?rest_route=\/wp\/v2\/posts"}],"about":[{"href":"http:\/\/dcvcorp.com.br\/index.php?rest_route=\/wp\/v2\/types\/post"}],"author":[{"embeddable":true,"href":"http:\/\/dcvcorp.com.br\/index.php?rest_route=\/wp\/v2\/users\/2"}],"replies":[{"embeddable":true,"href":"http:\/\/dcvcorp.com.br\/index.php?rest_route=%2Fwp%2Fv2%2Fcomments&post=2328"}],"version-history":[{"count":2,"href":"http:\/\/dcvcorp.com.br\/index.php?rest_route=\/wp\/v2\/posts\/2328\/revisions"}],"predecessor-version":[{"id":2752,"href":"http:\/\/dcvcorp.com.br\/index.php?rest_route=\/wp\/v2\/posts\/2328\/revisions\/2752"}],"wp:attachment":[{"href":"http:\/\/dcvcorp.com.br\/index.php?rest_route=%2Fwp%2Fv2%2Fmedia&parent=2328"}],"wp:term":[{"taxonomy":"category","embeddable":true,"href":"http:\/\/dcvcorp.com.br\/index.php?rest_route=%2Fwp%2Fv2%2Fcategories&post=2328"},{"taxonomy":"post_tag","embeddable":true,"href":"http:\/\/dcvcorp.com.br\/index.php?rest_route=%2Fwp%2Fv2%2Ftags&post=2328"}],"curies":[{"name":"wp","href":"https:\/\/api.w.org\/{rel}","templated":true}]}}