{"id":2431,"date":"2016-02-02T10:03:24","date_gmt":"2016-02-02T12:03:24","guid":{"rendered":"http:\/\/dcvcorp.com.br\/?p=2431"},"modified":"2016-02-02T10:06:44","modified_gmt":"2016-02-02T12:06:44","slug":"um-smorgasbord-de-antissemitismo-sueco","status":"publish","type":"post","link":"http:\/\/dcvcorp.com.br\/?p=2431","title":{"rendered":"Um Smorgasbord de Antissemitismo Sueco"},"content":{"rendered":"<p>por <a href=\"http:\/\/pt.gatestoneinstitute.org\/author\/Nima+Gholam+Ali+Pour\" target=\"_blank\">Nima Gholam Ali Pour<\/a><\/p>\n<ul class=\"content_preface_bullets\">\n<li>A Su\u00e9cia \u00e9 um pa\u00eds onde o uso do termo &#8220;imigra\u00e7\u00e3o em massa&#8221; normalmente \u00e9 criticado simplesmente por <i>soar<\/i> racista. Somente o antissemitismo n\u00e3o \u00e9 criticado. Na Su\u00e9cia todas as outras formas de racismo, at\u00e9 mesmo aquelas que alguns dizem <i>poderiam<\/i> ser consideradas racistas, s\u00e3o criticadas, e de maneira implac\u00e1vel.<\/li>\n<li>Em 2015 a TV4, um dos ve\u00edculos de m\u00eddia mais importantes da Su\u00e9cia, descreveu o antissemitismo simplesmente como uma &#8220;diferen\u00e7a de opini\u00e3o&#8221;.<\/li>\n<li>&#8220;O que \u00e9 hist\u00f3ria para n\u00f3s n\u00e3o \u00e9 a hist\u00f3ria de outros. &#8230; Quando temos outros estudantes que estudaram em outros livros de hist\u00f3ria, n\u00e3o h\u00e1 raz\u00e3o para discutirmos fatos contra fatos&#8221;. \u2014 A administra\u00e7\u00e3o de uma escola para adultos, ao repreender um professor que disse que o Holocausto realmente aconteceu.<\/li>\n<li>&#8220;Os judeus est\u00e3o fazendo uma campanha contra mim&#8221;. \u2014 Ministra das Rela\u00e7\u00f5es Exteriores da Su\u00e9cia Margot Wallstr\u00f6m.<\/li>\n<li>H\u00e1 menos de 20.000 judeus na Su\u00e9cia, mais de 20.000 s\u00edrios receberam o status de asilados somente em 2014. \u00c9 por este motivo que pouqu\u00edssimos pol\u00edticos, \u00e1vidos para conquistar os votos dos imigrantes, falam sobre o antissemitismo \u00e1rabe.<\/li>\n<\/ul>\n<div class=\"itemprop_articlebody\">\n<p>Uma manifesta\u00e7\u00e3o contra o racismo estava marcada para o dia 9 de novembro na cidade de Ume\u00e5, Su\u00e9cia, para lembrar a Noite dos Cristais (a noite de 1938 em que 400 judeus foram assassinados na Alemanha e 30.000 judeus do sexo masculino foram enviados a campos de concentra\u00e7\u00e3o). S\u00f3 que havia um pequeno detalhe: os judeus da Ume\u00e5 n\u00e3o foram convidados para a manifesta\u00e7\u00e3o. A raz\u00e3o disto, <a href=\"http:\/\/nyheteridag.se\/manifestation-om-kristallnatten-utestanger-judar-i-umea-vidrigt-och-historielost\/\" target=\"_blank\">de acordo com<\/a> Jan H\u00e4gglund, um dos organizadores do evento, \u00e9 que a manifesta\u00e7\u00e3o poderia causar &#8220;mal estar ou provocar uma situa\u00e7\u00e3o de inseguran\u00e7a para eles&#8221;.<\/p>\n<p>O caminho para este cen\u00e1rio surrealista, em que uma manifesta\u00e7\u00e3o contra o racismo na Su\u00e9cia para lembrar a Noite dos Cristais poderia ser entendida pelos judeus como uma amea\u00e7a, vem tomando forma h\u00e1 muito tempo. A manifesta\u00e7\u00e3o tinha certa import\u00e2ncia. As pessoas por tr\u00e1s dela n\u00e3o eram extremistas. Quatro dos oito partidos do parlamento sueco participaram da organiza\u00e7\u00e3o do evento.<\/p>\n<p>Essa manifesta\u00e7\u00e3o antiracista e os estranhos incidentes que ocorreram em volta dela s\u00e3o frutos de um processo que, lamentavelmente, est\u00e3o se avolumando h\u00e1 muito tempo na Su\u00e9cia. Um novo tipo de antissemitismo sueco est\u00e1 ganhando for\u00e7a e a cidade de Malm\u00f6 \u00e9 o carro-chefe.<\/p>\n<p>Em janeiro de 2009, uma demonstra\u00e7\u00e3o pr\u00f3-Israel em Malm\u00f6 foi <a href=\"http:\/\/www.sydsvenskan.se\/malmo\/raket-avbrot-israelmanifestation\/\" target=\"_blank\">atacada<\/a> por \u00e1rabes que gritavam &#8220;f****-se judeus&#8221;. Os policiais n\u00e3o foram capazes de proteger os manifestantes pr\u00f3-Israel dos ovos e garrafas arremessados contra eles. O evento teve que ser temporariamente interrompido quando os \u00e1rabes come\u00e7aram a lan\u00e7ar fogos de artif\u00edcio contra os manifestantes pr\u00f3-Israel.<\/p>\n<table  class=\" table table-hover\" border=\"0\" cellspacing=\"0\" cellpadding=\"0\" align=\"center\">\n<tbody>\n<tr>\n<td><img loading=\"lazy\" src=\"http:\/\/dcvcorp.com.br\/wp-content\/uploads\/929.jpg\" alt=\"\" width=\"600\" height=\"332\" border=\"0\" \/>Janeiro de 2009: uma turba de \u00e1rabes em Malm\u00f6 arremessa garrafas, ovos e bombas de fuma\u00e7a contra uma demonstra\u00e7\u00e3o pac\u00edfica de judeus. A pol\u00edcia ordena aos judeus, que tinham permiss\u00e3o para a realiza\u00e7\u00e3o do com\u00edcio, que se dirigissem para uma viela.<\/td>\n<\/tr>\n<\/tbody>\n<\/table>\n<p>Em 2010, foi a primeira vez, mas n\u00e3o a \u00faltima, que a sinagoga de Malm\u00f6 foi atacada. Naquele mesmo ano o Centro Simon Wiesenthal alertava os judeus a n\u00e3o visitarem a cidade de Malm\u00f6, &#8220;devido a hostilidade contra os cidad\u00e3os judeus.<\/p>\n<p>Hoje Malm\u00f6 \u00e9 uma cidade conhecida pelo seu antissemitismo e caracterizada por ele. Os judeus de Malm\u00f6 n\u00e3o podem mostrar publicamente que s\u00e3o judeus sem que sejam molestados. Muitas fam\u00edlias que l\u00e1 residiam h\u00e1 s\u00e9culos, <a href=\"http:\/\/www.telegraph.co.uk\/news\/worldnews\/europe\/sweden\/7278532\/Jews-leave-Swedish-city-after-sharp-rise-in-anti-Semitic-hate-crimes.html\" target=\"_blank\">abandonaram a cidade<\/a>. Em outubro de 2015 dois membros do parlamento sueco participaram de uma manifesta\u00e7\u00e3o pr\u00f3-palestina em Malm\u00f6, onde as pessoas gritavam palavras de ordem antissemitas e <a href=\"http:\/\/www.expressen.se\/kvallsposten\/rasar-mot-hyllning-av-knivattacker-i-israel\/\" target=\"_blank\">enalteciam<\/a> os ataques com facas perpetrados pelos palestinos contra judeus israelenses.<\/p>\n<p>A raz\u00e3o pela qual um pa\u00eds como a Su\u00e9cia ter, de repente, sido assolada por um antissemitismo extremo \u00e9 em grande parte gra\u00e7as \u00e0 imigra\u00e7\u00e3o do Oriente M\u00e9dio. O mundo \u00e1rabe e mu\u00e7ulmano e, desde 1979 tamb\u00e9m a Rep\u00fablica Isl\u00e2mica do Ir\u00e3, que vem amea\u00e7ando repetidamente os judeus com genoc\u00eddio, continua a demoniz\u00e1-los na m\u00eddia estatal. O mundo \u00e1rabe e mu\u00e7ulmano querem provavelmente, em parte, justificar seu conflito com Israel. E tamb\u00e9m em parte porque muitos membros do establishment e cidad\u00e3os desses pa\u00edses provavelmente acreditam nessas teorias da conspira\u00e7\u00e3o antissemitas, calunias repetidas todo santo dia na m\u00eddia e nas mesquitas.<\/p>\n<p>Muitos dos rec\u00e9m-chegados continuam mantendo seu background do Oriente M\u00e9dio mesmo depois de terem estabelecido resid\u00eancia na Su\u00e9cia. Muitos, principalmente aqueles que se estabeleceram em regi\u00f5es predominantemente de imigrantes como Roseng\u00e5rd em Malm\u00f6, assistem com frequ\u00eancia a m\u00eddia \u00e1rabe, que transmite ininterruptamente mensagens antissemitas.<\/p>\n<p>Ao mesmo tempo, membros dessa popula\u00e7\u00e3o s\u00e3o convidados a votarem nas elei\u00e7\u00f5es suecas, de modo que os partidos suecos d\u00e3o aten\u00e7\u00e3o ao voto \u00e1rabe. Essa mesura \u00e9 meramente uma quest\u00e3o de log\u00edstica. H\u00e1 menos de 20.000 judeus na Su\u00e9cia, <a href=\"http:\/\/www.migrationsverket.se\/Om-Migrationsverket\/Fakta-om-migration\/Migrationsverket---mitt-i-varlden-2014.html\" target=\"_blank\">mais de 20.000<\/a> s\u00edrios receberam o status de asilados somente em 2014.<\/p>\n<p>Fora isso, n\u00e3o \u00e9 nem necess\u00e1rio ser cidad\u00e3o sueco para votar nas importantes elei\u00e7\u00f5es municipais da Su\u00e9cia. \u00c9 por conta dessa peculiaridade que t\u00e3o poucos suecos se aventuram a falar sobre antissemitismo \u00e1rabe, apesar das diversas den\u00fancias e document\u00e1rios que mostram que o crescimento do antissemitismo foi, em grande medida, importado do Oriente M\u00e9dio.<\/p>\n<p>\u00c9 tamb\u00e9m por essa raz\u00e3o que a maioria das organiza\u00e7\u00f5es antiracistas na Su\u00e9cia prefere falar de &#8220;islamofobia&#8221;. Praticamente todas as organiza\u00e7\u00f5es antiracistas da Su\u00e9cia s\u00e3o financiadas pelos contribuintes ou de alguma forma ligadas a partidos pol\u00edticos, indicando que h\u00e1 um &#8220;entendimento&#8221; de compadrio entre partidos pol\u00edticos e organiza\u00e7\u00f5es antirracistas. A maioria dos partidos pol\u00edticos n\u00e3o veem exatamente com bons olhos organiza\u00e7\u00f5es antirracistas que falam de antissemitismo \u00e1rabe. Essas organiza\u00e7\u00f5es ter\u00e3o problemas em angariar fundos ou perder\u00e3o financiamento ou ent\u00e3o ver\u00e3o membros do conselho administrativo renunciarem.<\/p>\n<p>Apesar de mais mu\u00e7ulmanos estarem ingressando e mais judeus estarem saindo da Su\u00e9cia, ou justamente por esta raz\u00e3o, a maioria dos ativistas antiracismo na Su\u00e9cia considera a &#8220;islamofobia&#8221; o problema mais s\u00e9rio. A influente organiza\u00e7\u00e3o antiracismo Expo confeccionou uma s\u00e9rie de mapeamentos da &#8220;islamofobia&#8221;, mas apesar do preconceito, n\u00e3o fez um \u00fanico mapeamento do antissemitismo.<\/p>\n<p>Se for confeccionado um mapeamento do antissemitismo na Su\u00e9cia, ent\u00e3o tamb\u00e9m ser\u00e1 necess\u00e1rio falar sobre a imigra\u00e7\u00e3o do Oriente M\u00e9dio. N\u00e3o h\u00e1 muitas pessoas na Su\u00e9cia dispostas a falar sobre isso: aqueles que falam sobre o antissemitismo \u00e1rabe s\u00e3o chamados de racistas.<\/p>\n<p>Em vez de falar sobre o novo antissemitismo sueco, o que se v\u00ea s\u00e3o artigos que entorpecem a mente com a mensagem de que as pessoas deviam falar menos sobre o Holocausto nas escolas suecas, para n\u00e3o ofenderem os adolescentes \u00e1rabes. Ao desaprovar uma proposta do governo para combater o antissemitismo aprofundando a educa\u00e7\u00e3o sobre o Holocausto, Helena Mechlaoui, uma professora de hist\u00f3ria, religi\u00e3o e filosofia do ensino m\u00e9dio <a href=\"http:\/\/www.svd.se\/historisk-skuld-bor-hanteras-varsamt\" target=\"_blank\">assinalou<\/a>:<\/p>\n<blockquote><p>&#8220;Se falamos sobre estudantes do Oriente M\u00e9dio, pode ser que falamos porque muitos deles passaram por experi\u00eancias traum\u00e1ticas relacionadas com as pol\u00edticas de Israel ou dos Estados Unidos. N\u00e3o \u00e9 raro ver os dois pa\u00edses como um s\u00f3, o que n\u00e3o est\u00e1 totalmente errado. Eles podem ter perdido um ou mais irm\u00e3os, primos, pais ou colegas em um bombardeio israelense ou americano. Uma grande propor\u00e7\u00e3o deles est\u00e1 aqui na Su\u00e9cia porque foi obrigada a deixar seus lares por causa da ocupa\u00e7\u00e3o, guerra ou mis\u00e9ria em algum campo de refugiados. Seus pais podem estar feridos e n\u00e3o terem como enfrentar a vida, eles ainda podem ter familiares nas \u00e1reas de conflito. \u00c9 bem prov\u00e1vel que eles tenham encontrado hostilidade na Su\u00e9cia. Nesse contexto talvez seja melhor n\u00e3o falar sobre o Holocausto&#8221;.<\/p><\/blockquote>\n<p>A imigra\u00e7\u00e3o dos pa\u00edses \u00e1rabes afetou profundamente a maneira pela qual a maioria dos suecos v\u00ea o antissemitismo. O antissemitismo n\u00e3o \u00e9 mais algo que a sociedade sueca condena. V\u00e1rias celebridades suecas fizeram declara\u00e7\u00f5es antissemitas sem que isso afetasse negativamente um tiquinho sequer da carreira deles. Dani M, artista sueco do <i>rap<\/i> <a href=\"http:\/\/skma.se\/blogg\/2014\/06\/dani-ms-farliga-propaganda\/\" target=\"_blank\">dissemina<\/a> teorias da conspira\u00e7\u00e3o antissemitas tanto nas redes sociais quanto em suas m\u00fasicas. Depois que diversos ve\u00edculos de m\u00eddia suecos, no final de 2014 e in\u00edcio de 2015, descreveram detalhadamente como Dani M dissemina teorias da conspira\u00e7\u00e3o antissemitas, ele apareceu em um reality show em setembro, em um dos maiores e mais consagrados canais de TV da Su\u00e9cia, a TV4. Quando a TV4 foi criticada, o produtor executivo do programa Christer Andersson\u00a0<a href=\"http:\/\/www.svt.se\/kultur\/tv4-normaliserar-antisemitism\" target=\"_blank\">respondeu<\/a> o seguinte:<\/p>\n<blockquote><p>&#8220;Os valores fundamentais da TV4 s\u00e3o Zero Racismo e sempre foi assim, desde que eu me entendo por gente, mas n\u00e3o podemos tolher as pessoas que n\u00e3o pensam assim. A TV4 \u00e9 um portal onde se apresentam pessoas com as mais variadas opini\u00f5es e n\u00f3s temos que ter uma ampla gama de aceita\u00e7\u00e3o&#8221;.<\/p><\/blockquote>\n<p>Aqui temos um dos ve\u00edculos de m\u00eddia mais importantes da Su\u00e9cia descrevendo o antissemitismo simplesmente como uma &#8220;diferen\u00e7a de opini\u00e3o&#8221;. Nessa mesma \u00e9poca, uma funcion\u00e1ria da TV4 fez uso da &#8220;palavra N&#8221; em um clip do YouTube e foi demitida dois meses depois. Quer dizer, antissemitismo \u00e9 aceit\u00e1vel, mas racismo contra afro-suecos n\u00e3o.<\/p>\n<p>Em um outro exemplo, a celebridade da TV sueca Gina Dirawi de origem palestina, <a href=\"http:\/\/www.svd.se\/gina-dirawi-i-blasvader\" target=\"_blank\">publicou em seu blog<\/a> em 2010 que as a\u00e7\u00f5es de Israel podem ser comparadas \u00e0s a\u00e7\u00f5es de Hitler. Depois em 2012 ela aconselhou as pessoas, novamente em seu blog, a lerem um livro que questionava a exist\u00eancia do Holocausto. A mensagem do livro era a de que quando os nazistas perseguiam os judeus eles agiam em leg\u00edtima defesa. Estas foram apenas duas das muitas declara\u00e7\u00f5es antissemitas feitas por ela em seu blog. Hoje Gina Dirawi apresenta v\u00e1rios programas na SVT, a emissora p\u00fablica de r\u00e1dio e televis\u00e3o da Su\u00e9cia, inclusive ela <a href=\"http:\/\/www.gatestoneinstitute.org\/6957\/sweden-muslim-christmas-show\" target=\"_blank\">apresentou o programa de Natal da SVT<\/a> em 2015. Isso causou certa surpresa considerando-se que Dirawi \u00e9 mu\u00e7ulmana. Ela tamb\u00e9m ir\u00e1 apresentar o concurso de m\u00fasica sueco <i>Melodifestivalen<\/i> de 2016<i>,<\/i> um dos mais consagrados eventos musicais da Su\u00e9cia.<\/p>\n<p>Infelizmente n\u00e3o deixa nenhuma margem de d\u00favida o fato de que na Su\u00e9cia o antissemitismo n\u00e3o \u00e9 algo que v\u00e1 prejudicar a carreira de algu\u00e9m. A m\u00eddia sueca, assim como o governo sueco, tamb\u00e9m n\u00e3o est\u00e3o t\u00e3o interessados em rela\u00e7\u00e3o aos problemas da Su\u00e9cia com o antissemitismo. Quando o instituto interdisciplinar de estudos <i>Perspektiv P\u00e5 Israel<\/i> apresentou evid\u00eancias em maio de 2015 que o diretor do Islamic Relief na Su\u00e9cia estava disseminando posts antissemitas no Facebook, ningu\u00e9m se interessou em escrever sobre esse assunto, n\u00e3o obstante o fato do Islamic Relief receber apoio da <i>Sida<\/i>, a ag\u00eancia governamental sueca respons\u00e1vel pela ajuda oficial da Su\u00e9cia aos pa\u00edses em desenvolvimento.<\/p>\n<p>A m\u00eddia sueca nem ao menos permitiu que um editorial do <i>Perspektiv P\u00e5 Israel<\/i> sobre o assunto fosse publicado. Nyheter24, um dos ve\u00edculos de m\u00eddia sueca que n\u00e3o publicou a mat\u00e9ria do<i>Perspektiv P\u00e5 Israel<\/i> sobre esse esc\u00e2ndalo, enviou um email para o <i>Perspektiv P\u00e5 Israel<\/i> dizendo que seus &#8220;leitores n\u00e3o est\u00e3o interessados nesse assunto em particular, isso para dizer o m\u00ednimo&#8221;.<\/p>\n<p>Como colunista do jornal <i>Samtiden<\/i>, eu mencionei as declara\u00e7\u00f5es racistas do Islamic Relief em um <a href=\"http:\/\/samtiden.nu\/16246\/kampen-mot-antisemitismen-i-sverige-ar-komplex\/\" target=\"_blank\">artigo opinativo<\/a> e as informa\u00e7\u00f5es tamb\u00e9m foram <a href=\"http:\/\/www.jewishpress.com\/indepth\/opinions\/sweden-rising-anti-semitism-and-funding-islamic-relief-terror\/2015\/06\/30\/\" target=\"_blank\">publicadas no<i> The Jewish Press<\/i><\/a>. A m\u00eddia sueca n\u00e3o demonstrou nenhum interesse, muito embora houvesse evid\u00eancias que uma organiza\u00e7\u00e3o que recebia fundos pagos com impostos suecos estivesse publicando mat\u00e9rias antissemitas nas redes sociais.<\/p>\n<p>\u00c9 importante salientar que todos esses incidentes ocorreram em um pa\u00eds onde o uso do termo &#8220;imigra\u00e7\u00e3o em massa&#8221; normalmente \u00e9 <a href=\"http:\/\/www.sydsvenskan.se\/lund\/universitetet-anklagas-for-framlingsfientligt-ordval\/\" target=\"_blank\">censurado<\/a> simplesmente por <i>soar<\/i> racista. Somente o antissemitismo n\u00e3o \u00e9 criticado na Su\u00e9cia. Todas as outras formas de racismo, at\u00e9 mesmo aquelas que alguns dizem <i>poderiam<\/i> ser consideradas racistas, s\u00e3o criticadas e de maneira implac\u00e1vel.<\/p>\n<p>Muito embora o novo antissemitismo na Su\u00e9cia tenha suas origens no antissemitismo \u00e1rabe ou mu\u00e7ulmano, acreditar que o antissemitismo de hoje na Su\u00e9cia \u00e9 puramente oriundo do Oriente M\u00e9dio \u00e9 ser simplista demais. O antissemitismo na Su\u00e9cia virou um smorgasbord composto por uma s\u00e9rie de fatores que se refor\u00e7am mutuamente. Alguns desses fatores s\u00e3o os seguintes:<\/p>\n<ul type=\"disc\">\n<li>imigra\u00e7\u00e3o em larga escala de pa\u00edses onde o antissemitismo faz parte do cotidiano.<\/li>\n<li>engajamento fortemente pr\u00f3-palestino entre os pol\u00edticos suecos que teve como consequ\u00eancia um debate totalmente surrealista em rela\u00e7\u00e3o \u00e0 quest\u00e3o israelense-palestina, na qual Israel \u00e9 injustamente demonizado.<\/li>\n<li>o desejo dos partidos pol\u00edticos suecos de conquistarem os votos dos imigrantes.<\/li>\n<li>o multiculturalismo sueco \u00e9 t\u00e3o sem reservas em rela\u00e7\u00e3o \u00e0s culturas estrangeiras que n\u00e3o \u00e9 capaz de diferenciar cultura de racismo.<\/li>\n<li>medo de parecer contr\u00e1rio \u00e0 imigra\u00e7\u00e3o.<\/li>\n<li>importantes institui\u00e7\u00f5es suecas, como a Igreja da Su\u00e9cia que legitima o antissemitismo ao endossar o documento Kairos da Palestina.<\/li>\n<\/ul>\n<p>A conjun\u00e7\u00e3o desses fatores cria um ambiente no qual o antissemitismo tem condi\u00e7\u00f5es de crescer sem encontrar nenhuma resist\u00eancia ou cr\u00edtica. O que vem a seguir aconteceu em<i>Komvux<\/i>, em um programa educacional para adultos na Su\u00e9cia, na cidade de Helsingborg: um professor substituto estava sustentando fatos sobre o Holocausto durante uma aula depois que um estudante perguntou se o Holocausto realmente aconteceu. A administra\u00e7\u00e3o da escola desaprovou a conduta do professor substituto com os seguintes <a href=\"http:\/\/www.hd.se\/lokalt\/helsingborg\/2015\/02\/26\/larare-kritiserad-for-forintelsediskussion\/\" target=\"_blank\">argumentos<\/a>: &#8220;o que \u00e9 hist\u00f3ria para n\u00f3s n\u00e3o \u00e9 a hist\u00f3ria de outros. &#8230; Quando temos outros estudantes que estudaram em outros livros de hist\u00f3ria, n\u00e3o h\u00e1 raz\u00e3o para discutirmos fatos contra fatos&#8221;.<\/p>\n<p>Isso aconteceu em fevereiro de 2015, em uma importante cidade sueca. Isso poderia ter acontecido em qualquer cidade sueca onde o novo antissemitismo sueco est\u00e1 avan\u00e7ando. Uma escola sueca j\u00e1 n\u00e3o sabe mais se o fato do Holocausto ter realmente ocorrido \u00e9 um fato que vale a pena defender. O smorgasbord antissemita torna aceit\u00e1vel o antissemitismo na Su\u00e9cia.<\/p>\n<p>Quando foi noticiado em meados de novembro que a Ministra das Rela\u00e7\u00f5es Exteriores da Su\u00e9cia Margot Wallstr\u00f6m, <a href=\"http:\/\/www.jta.org\/2015\/11\/17\/news-opinion\/israel-middle-east\/dutch-pol-frustration-over-palestinian-israeli-conflict-is-a-cause-in-paris-attacks\" target=\"_blank\">disse<\/a>: &#8220;os judeus est\u00e3o fazendo uma campanha contra mim&#8221;, isso n\u00e3o se tornou uma not\u00edcia importante na Su\u00e9cia. Esta n\u00e3o foi a primeira vez que uma figura pol\u00edtica de destaque na Su\u00e9cia fez declara\u00e7\u00f5es antissemitas e n\u00e3o deu em nada e tamb\u00e9m n\u00e3o ser\u00e1 a \u00faltima.<\/p>\n<p>Voltemos ent\u00e3o ao dia 9 de novembro de 2015 em Ume\u00e5 e \u00e0 manifesta\u00e7\u00e3o contra o racismo para lembrar a Noite dos Cristais para a qual os judeus n\u00e3o foram convidados, e para a apresentadora mu\u00e7ulmana do Natal deste ano que diversas vezes expressou pontos de vista antissemitas, e para as escolas que n\u00e3o t\u00eam certeza se devem ou n\u00e3o dizer que o Holocausto realmente aconteceu, e para um pa\u00eds onde passou a fazer parte da rotina do dia-a-dia n\u00e3o convidar judeus.<\/p>\n<p>A m\u00eddia n\u00e3o faz reportagens sobre isso. Os pol\u00edticos n\u00e3o d\u00e3o a m\u00ednima. E todo mundo sabe que na Su\u00e9cia os antissemitas se safam de tudo.<\/p>\n<\/div>\n<p>Fonte: <em><a href=\"http:\/\/pt.gatestoneinstitute.org\/7228\/suecia-antissemitismo\" target=\"_blank\">Um Smorgasbord de Antissemitismo Sueco<\/a><\/em><\/p>\n","protected":false},"excerpt":{"rendered":"<p>por Nima Gholam Ali Pour A Su\u00e9cia \u00e9 um pa\u00eds onde o uso do termo &#8220;imigra\u00e7\u00e3o em massa&#8221; normalmente \u00e9 criticado simplesmente por soar racista. Somente o antissemitismo n\u00e3o \u00e9 criticado. Na Su\u00e9cia todas as outras formas de racismo, at\u00e9 mesmo aquelas que alguns dizem poderiam ser consideradas racistas, s\u00e3o criticadas, e de maneira implac\u00e1vel. [&hellip;]<\/p>\n","protected":false},"author":2,"featured_media":0,"comment_status":"open","ping_status":"open","sticky":false,"template":"","format":"standard","meta":[],"categories":[43,19,18,69],"tags":[],"_links":{"self":[{"href":"http:\/\/dcvcorp.com.br\/index.php?rest_route=\/wp\/v2\/posts\/2431"}],"collection":[{"href":"http:\/\/dcvcorp.com.br\/index.php?rest_route=\/wp\/v2\/posts"}],"about":[{"href":"http:\/\/dcvcorp.com.br\/index.php?rest_route=\/wp\/v2\/types\/post"}],"author":[{"embeddable":true,"href":"http:\/\/dcvcorp.com.br\/index.php?rest_route=\/wp\/v2\/users\/2"}],"replies":[{"embeddable":true,"href":"http:\/\/dcvcorp.com.br\/index.php?rest_route=%2Fwp%2Fv2%2Fcomments&post=2431"}],"version-history":[{"count":4,"href":"http:\/\/dcvcorp.com.br\/index.php?rest_route=\/wp\/v2\/posts\/2431\/revisions"}],"predecessor-version":[{"id":2436,"href":"http:\/\/dcvcorp.com.br\/index.php?rest_route=\/wp\/v2\/posts\/2431\/revisions\/2436"}],"wp:attachment":[{"href":"http:\/\/dcvcorp.com.br\/index.php?rest_route=%2Fwp%2Fv2%2Fmedia&parent=2431"}],"wp:term":[{"taxonomy":"category","embeddable":true,"href":"http:\/\/dcvcorp.com.br\/index.php?rest_route=%2Fwp%2Fv2%2Fcategories&post=2431"},{"taxonomy":"post_tag","embeddable":true,"href":"http:\/\/dcvcorp.com.br\/index.php?rest_route=%2Fwp%2Fv2%2Ftags&post=2431"}],"curies":[{"name":"wp","href":"https:\/\/api.w.org\/{rel}","templated":true}]}}