{"id":2727,"date":"2016-09-24T20:42:11","date_gmt":"2016-09-24T23:42:11","guid":{"rendered":"http:\/\/dcvcorp.com.br\/?p=2727"},"modified":"2017-06-15T10:32:45","modified_gmt":"2017-06-15T13:32:45","slug":"o-isla-hoje-no-centro-dos-antigos-imperios","status":"publish","type":"post","link":"http:\/\/dcvcorp.com.br\/?p=2727","title":{"rendered":"O Isl\u00e3 Hoje, no Cora\u00e7\u00e3o Geogr\u00e1fico dos Antigos Imp\u00e9rios e das Profecias B\u00edblicas"},"content":{"rendered":"<p>Uma observa\u00e7\u00e3o que eu considero pertinente aos que gostam de estudar as Escrituras, a hist\u00f3ria antiga e as profecias e geografia dos pa\u00edses mencionados em muitos profetas quando envolvem os eventos do tempo do fim desta era, olhando a partir de Jerusalem e Israel como base geogr\u00e1fica &#8230;<\/p>\n<p>&#8211; Os pa\u00edses do antigo Imp\u00e9rio Eg\u00edpcio s\u00e3o hoje mu\u00e7ulmanos (o SENHOR combate contra eles como descrito em Isa\u00edas 19).<\/p>\n<p><a href=\"http:\/\/dcvcorp.com.br\/wp-content\/uploads\/Egito.gif\"><img loading=\"lazy\" class=\"wp-image-2725 aligncenter\" src=\"http:\/\/dcvcorp.com.br\/wp-content\/uploads\/Egito.gif\" alt=\"egito\" width=\"301\" height=\"371\" \/><\/a><\/p>\n<p>&#8211; Os pa\u00edses do antigo Imp\u00e9rio Ass\u00edrio s\u00e3o hoje mu<span class=\"text_exposed_show\">\u00e7ulmanos (o SENHOR combate contra eles como descrito em Miqu\u00e9ias 5, Isa\u00edas 14)<\/span><\/p>\n<p><a href=\"http:\/\/dcvcorp.com.br\/wp-content\/uploads\/Map_of_Assyria.png\"><img loading=\"lazy\" class=\"wp-image-2726 aligncenter\" src=\"http:\/\/dcvcorp.com.br\/wp-content\/uploads\/Map_of_Assyria.png\" alt=\"map_of_assyria\" width=\"457\" height=\"314\" srcset=\"http:\/\/dcvcorp.com.br\/wp-content\/uploads\/Map_of_Assyria.png 1983w, http:\/\/dcvcorp.com.br\/wp-content\/uploads\/Map_of_Assyria-300x206.png 300w, http:\/\/dcvcorp.com.br\/wp-content\/uploads\/Map_of_Assyria-768x528.png 768w, http:\/\/dcvcorp.com.br\/wp-content\/uploads\/Map_of_Assyria-1024x704.png 1024w\" sizes=\"(max-width: 457px) 100vw, 457px\" \/><\/a><\/p>\n<div class=\"text_exposed_show\">\n<p>&#8211; Os pa\u00edses do antigo Imp\u00e9rio Babil\u00f4nico s\u00e3o hoje mu\u00e7ulmanos (o SENHOR combate contra eles como descrito em Jeremias 49-51)<\/p>\n<p><a href=\"http:\/\/dcvcorp.com.br\/wp-content\/uploads\/babylon-empire-map2.gif\"><img loading=\"lazy\" class=\"size-full wp-image-2724 aligncenter\" src=\"http:\/\/dcvcorp.com.br\/wp-content\/uploads\/babylon-empire-map2.gif\" alt=\"babylon-empire-map2\" width=\"420\" height=\"389\" \/><\/a><\/p>\n<p>&#8211; Os pa\u00edses do antigo Imp\u00e9rio Persa s\u00e3o hoje mu\u00e7ulmanos (o SENHOR combate contra eles como descrito em Ezequiel 38 e 39)<\/p>\n<p><a href=\"http:\/\/dcvcorp.com.br\/wp-content\/uploads\/persian.gif\"><img loading=\"lazy\" class=\"size-full wp-image-2723 aligncenter\" src=\"http:\/\/dcvcorp.com.br\/wp-content\/uploads\/persian.gif\" alt=\"persian\" width=\"600\" height=\"295\" \/><\/a><\/p>\n<p>&#8211; Os pa\u00edses do antigo Imp\u00e9rio Grego, em sua maioria, s\u00e3o hoje mu\u00e7ulmanos (o SENHOR combate contra eles como descrito em Zacarias 9:13,14 e Ezequiel 38)<\/p>\n<p><a href=\"http:\/\/dcvcorp.com.br\/wp-content\/uploads\/greek3.gif\"><img loading=\"lazy\" class=\"size-full wp-image-2721 aligncenter\" src=\"http:\/\/dcvcorp.com.br\/wp-content\/uploads\/greek3.gif\" alt=\"greek3\" width=\"545\" height=\"242\" \/><\/a><\/p>\n<p>&#8211; Os pa\u00edses do antigo Imp\u00e9rio Romano do Oriente (Bizantino), s\u00e3o hoje, em sua maioria, mu\u00e7ulmanos (o SENHOR combate contra eles como descrito em Zacarias 9:13,14 e Ezequiel 38)<\/p>\n<p><a href=\"http:\/\/dcvcorp.com.br\/wp-content\/uploads\/roman.jpg\"><img loading=\"lazy\" class=\"wp-image-2722 aligncenter\" src=\"http:\/\/dcvcorp.com.br\/wp-content\/uploads\/roman.jpg\" alt=\"roman\" width=\"350\" height=\"350\" srcset=\"http:\/\/dcvcorp.com.br\/wp-content\/uploads\/roman.jpg 600w, http:\/\/dcvcorp.com.br\/wp-content\/uploads\/roman-150x150.jpg 150w, http:\/\/dcvcorp.com.br\/wp-content\/uploads\/roman-300x300.jpg 300w, http:\/\/dcvcorp.com.br\/wp-content\/uploads\/roman-60x60.jpg 60w\" sizes=\"(max-width: 350px) 100vw, 350px\" \/><\/a><\/p>\n<p>&#8211; Os pa\u00edses do antigo Imp\u00e9rio Romano do Ocidente, hoje est\u00e3o sendo islamizados paulatinamente e, recentemente, de uma forma mais acelerada com as migra\u00e7\u00f5es de milh\u00f5es de mu\u00e7ulmanos [vide imagem anterior e abaixo]. (n\u00e3o h\u00e1 cita\u00e7\u00f5es diretas dos pa\u00edses europeus nas profecias b\u00edblicas, como as que s\u00e3o observadas nas passagens anteriores citadas que geograficamente mencionavam\u00a0tais regi\u00f5es). ( <a href=\"http:\/\/www.nationalgeographic.com\/magazine\/2016\/10\/europe-immigration-muslim-refugees-portraits\/\" target=\"_blank\" rel=\"noopener\">Veja aqui o artigo da revista National Geographic<\/a> ).<\/p>\n<p><a href=\"http:\/\/dcvcorp.com.br\/wp-content\/uploads\/NG.jpg\"><img loading=\"lazy\" class=\"wp-image-2735 aligncenter\" src=\"http:\/\/dcvcorp.com.br\/wp-content\/uploads\/NG.jpg\" alt=\"ng\" width=\"225\" height=\"400\" srcset=\"http:\/\/dcvcorp.com.br\/wp-content\/uploads\/NG.jpg 540w, http:\/\/dcvcorp.com.br\/wp-content\/uploads\/NG-169x300.jpg 169w\" sizes=\"(max-width: 225px) 100vw, 225px\" \/><\/a><\/p>\n<p>Eu conhe\u00e7o os mais variados paradigmas escatol\u00f3gicos e sei que alguns alegam que o Isl\u00e3 seria exterminado antes dos eventos do tempo do fim, mas o que estamos vendo n\u00e3o corrobora com muitas dessas teses e paradigmas. Cada vez mais o Isl\u00e3 se mistura com o ocidente, o que me lembra que a palavra \u201cmisturado\u201d de Daniel 2:43 \u00e9 <strong>\u05e2\u05e8\u05d1<\/strong> &#8220;`arab\u201d (em aramaico), que tamb\u00e9m est\u00e1 relacionada aos \u201c\u00e1rabes&#8221; (ao Isl\u00e3). Observando\u00a0a est\u00e1tua de Nabucodonosor, o Isl\u00e3 hoje est\u00e1 presente tanto na perna [e p\u00e9] direita\u00a0quanto na perna [e p\u00e9] esquerda\u00a0(Imp\u00e9rio Romano do Ocidente e do Oriente) &#8230; e isso n\u00e3o \u00e9 por mero &#8220;acaso&#8221; &#8230;<\/p>\n<p style=\"padding-left: 30px;\">&#8220;<strong>Quanto ao que viste do ferro misturado (\u05e2\u05e8\u05d1 `arab) com barro de lodo, misturar-se-\u00e3o mediante casamento, mas n\u00e3o se ligar\u00e3o um ao outro, assim como o ferro n\u00e3o se mistura (\u05e2\u05e8\u05d1 `arab) com o barro.<\/strong>\u201d (Daniel 2:43)<\/p>\n<p>Tamb\u00e9m n\u00e3o \u00e9 irrelevante o fato do Isl\u00e3 estar presente fisicamente no Monte do Templo com uma Mesquita e em sua doutrina pregar que Jesus n\u00e3o \u00e9 filho de Deus e que ele n\u00e3o morreu numa cruz, tal como as Escrituras dizem\u00a0acerca do esp\u00edrito do Anticristo, o qual prega exatamente tais coisas.<\/p>\n<p>Hoje existem cerca de 1,5 bilh\u00e3o de mu\u00e7ulmanos e 57 pa\u00edses do mundo s\u00e3o regidos pela Lei Isl\u00e2mica da Sharia. Gostem muitos ou n\u00e3o, o Isl\u00e3 est\u00e1 no centro, no cora\u00e7\u00e3o geogr\u00e1fico de hoje com rela\u00e7\u00e3o \u00e0s profecias b\u00edblicas, exceto aconte\u00e7a algo extraordin\u00e1rio que elimine exatamente os 1,5 bilh\u00f5es de mu\u00e7ulmanos e repovoe milagrosamente essas regi\u00f5es imediatamente com outros indiv\u00edduos e cren\u00e7as, \u00e9 n\u00edtido que o Isl\u00e3 possui um papel central nas profecias do tempo do fim desta era, segundo relatam muitas profecias.<\/p>\n<\/div>\n","protected":false},"excerpt":{"rendered":"<p>Uma observa\u00e7\u00e3o que eu considero pertinente aos que gostam de estudar as Escrituras, a hist\u00f3ria antiga e as profecias e geografia dos pa\u00edses mencionados em muitos profetas quando envolvem os eventos do tempo do fim desta era, olhando a partir de Jerusalem e Israel como base geogr\u00e1fica &#8230; &#8211; Os pa\u00edses do antigo Imp\u00e9rio Eg\u00edpcio [&hellip;]<\/p>\n","protected":false},"author":2,"featured_media":0,"comment_status":"open","ping_status":"open","sticky":false,"template":"","format":"standard","meta":[],"categories":[24,67,68,27,43,31,18],"tags":[],"_links":{"self":[{"href":"http:\/\/dcvcorp.com.br\/index.php?rest_route=\/wp\/v2\/posts\/2727"}],"collection":[{"href":"http:\/\/dcvcorp.com.br\/index.php?rest_route=\/wp\/v2\/posts"}],"about":[{"href":"http:\/\/dcvcorp.com.br\/index.php?rest_route=\/wp\/v2\/types\/post"}],"author":[{"embeddable":true,"href":"http:\/\/dcvcorp.com.br\/index.php?rest_route=\/wp\/v2\/users\/2"}],"replies":[{"embeddable":true,"href":"http:\/\/dcvcorp.com.br\/index.php?rest_route=%2Fwp%2Fv2%2Fcomments&post=2727"}],"version-history":[{"count":18,"href":"http:\/\/dcvcorp.com.br\/index.php?rest_route=\/wp\/v2\/posts\/2727\/revisions"}],"predecessor-version":[{"id":3326,"href":"http:\/\/dcvcorp.com.br\/index.php?rest_route=\/wp\/v2\/posts\/2727\/revisions\/3326"}],"wp:attachment":[{"href":"http:\/\/dcvcorp.com.br\/index.php?rest_route=%2Fwp%2Fv2%2Fmedia&parent=2727"}],"wp:term":[{"taxonomy":"category","embeddable":true,"href":"http:\/\/dcvcorp.com.br\/index.php?rest_route=%2Fwp%2Fv2%2Fcategories&post=2727"},{"taxonomy":"post_tag","embeddable":true,"href":"http:\/\/dcvcorp.com.br\/index.php?rest_route=%2Fwp%2Fv2%2Ftags&post=2727"}],"curies":[{"name":"wp","href":"https:\/\/api.w.org\/{rel}","templated":true}]}}