{"id":306,"date":"2014-09-09T01:34:47","date_gmt":"2014-09-09T04:34:47","guid":{"rendered":"http:\/\/dcvcorp.com.br\/?p=306"},"modified":"2014-09-09T02:28:02","modified_gmt":"2014-09-09T05:28:02","slug":"dica-de-livro-o-minimo-que-voce-precisa-saber-para-nao-ser-um-idiota","status":"publish","type":"post","link":"http:\/\/dcvcorp.com.br\/?p=306","title":{"rendered":"Dica de Livro &#8211; O M\u00ednimo Que Voc\u00ea Precisa Saber Para N\u00e3o Ser Um Idiota"},"content":{"rendered":"<p>A indica\u00e7\u00e3o deste livro (veja\u00a0<a href=\"http:\/\/www.livrariasaraiva.com.br\/produto\/5093597\/o-minimo-que-voce-precisa-saber-para-nao-ser-um-idiota\/\" target=\"_blank\">aqui<\/a>) n\u00e3o se deve apenas ao fato de estarmos num ano politicamente importante, mas sim\u00a0pelo conjunto da obra em si. Olavo de Carvalho \u00e9 um gigante do pensamento n\u00e3o somente nacional, mas tamb\u00e9m internacional e nisso eu me alio \u00e0 opini\u00e3o do Pastor Artur Eduardo e, como ele, posso tamb\u00e9m afirmar que Olavo de Carvalho, no m\u00ednimo, est\u00e1 em import\u00e2ncia para o Brasil como\u00a0G. K. Chesterton esteve para a Inglaterra em sua \u00e9poca. Eu conheci a sua obra h\u00e1 muitos\u00a0anos e seus livros e artigos s\u00e3o verdadeiras preciosidades, leitura obrigat\u00f3ria para qualquer indiv\u00edduo que queira crescer em conhecimento social e pol\u00edtico e observar os fatos\u00a0relevantes de uma forma muito mais acurada e reflexiva. O\u00a0Professor Olavo de Carvalho\u00a0tem minado repetidamente as ideologias\u00a0de esquerda mostrando suas reais caracter\u00edsticas e expondo suas inten\u00e7\u00f5es mais vis e insanas com a lucidez que lhe \u00e9 peculiar.<\/p>\n<p>Tive tamb\u00e9m o privil\u00e9gio de fazer v\u00e1rios\u00a0dos cursos disponibilizados pelo Professor Olavo de Carvalho em seu semin\u00e1rio e posso dizer que aprendi muito\u00a0com ele, sou um dos milhares de an\u00f4nimos que tiveram o prazer de aprender os muitos conceitos e reflex\u00f5es dos mais variados\u00a0assuntos aos quais o Professor Olavo se disp\u00f5e a ensinar.\u00a0Al\u00e9m de ser muito inteligente\u00a0dentro das \u00e1reas de estudo aos quais se\u00a0dedica, ele possui uma bagagem intelectual rara e extensa, de tal monta que<!--more--> desperta a inveja em in\u00fameros pseudo-intelectuais brasileiros que buscam formas para tentar denegri-lo, em v\u00e3o \u00e9 claro, sua obra fala por si. Ataques &#8220;ad hominem&#8221; n\u00e3o podem\u00a0retirar o brilho que seus livros e artigos j\u00e1 alcan\u00e7aram, tanto no ambiente\u00a0nacional quanto internacional.<\/p>\n<p>Este livro, &#8220;O M\u00ednimo &#8230;&#8221; foi lan\u00e7ado no ano passado, evento ao\u00a0qual tive o prazer de acompanhar atrav\u00e9s do\u00a0Hangout\u00a0do Felipe Moura Brasil com o Professor Olavo de Carvalho e pude adquirir\u00a0ainda na primeira impress\u00e3o. Felipe Moura Brasil fez uma excelente compila\u00e7\u00e3o dos diversos artigos publicados do Professor Olavo de Carvalho, ele os reuniu de forma magistral nesse volume de pouco mais de 600 p\u00e1ginas, repletas de an\u00e1lises\u00a0que tratam dos mais variados temas e assuntos que s\u00e3o extremamente importantes para todos n\u00f3s. Ent\u00e3o n\u00e3o se sinta ofendido pelo t\u00edtulo, ele realmente resume o intento do livro e, possivelmente, voc\u00ea ir\u00e1 concordar ap\u00f3s come\u00e7ar a ler as primeiras p\u00e1ginas, principalmente se ainda n\u00e3o leu nenhuma obra do autor. Eu j\u00e1 vi e ouvi v\u00e1rios coment\u00e1rios de pessoas, amigos e conhecidos, que o leram e posso resumir a maioria dos coment\u00e1rios na seguinte frase: &#8220;\u00c9 um dos melhores\u00a0livros que j\u00e1 li, pena que n\u00e3o o li\u00a0antes!&#8221;.<\/p>\n<p>Eu o recomendo porque sei o bem que far\u00e1 a quem o ler. O livro \u00e9 um best-seller desde seu lan\u00e7amento e, arrisco dizer, tamb\u00e9m se trata de um cl\u00e1ssico, que ter\u00e1 ainda mais reconhecimento no decorrer da hist\u00f3ria.\u00a0Apesar de j\u00e1 ter um reconhecimento nacional e internacional, infelizmente no Brasil, na conjuntura intelectual e pol\u00edtica em que vivemos atualmente, impede que a obra do\u00a0Professor Olavo de Carvalho tenha\u00a0a\u00a0devida aten\u00e7\u00e3o que merece. Mas n\u00e3o fique apenas com minhas palavras, leia-o para comprovar.<\/p>\n<p>Abaixo segue o v\u00eddeo do Hangout citado\u00a0anteriormente.<\/p>\n<p><iframe loading=\"lazy\" src=\"\/\/www.youtube.com\/embed\/0oc65pBVNhc\" width=\"420\" height=\"315\" frameborder=\"0\" allowfullscreen=\"allowfullscreen\"><\/iframe><\/p>\n","protected":false},"excerpt":{"rendered":"<p>A indica\u00e7\u00e3o deste livro (veja\u00a0aqui) n\u00e3o se deve apenas ao fato de estarmos num ano politicamente importante, mas sim\u00a0pelo conjunto da obra em si. Olavo de Carvalho \u00e9 um gigante do pensamento n\u00e3o somente nacional, mas tamb\u00e9m internacional e nisso eu me alio \u00e0 opini\u00e3o do Pastor Artur Eduardo e, como ele, posso tamb\u00e9m afirmar [&hellip;]<\/p>\n","protected":false},"author":2,"featured_media":0,"comment_status":"open","ping_status":"open","sticky":false,"template":"","format":"standard","meta":[],"categories":[3,14,12,19,18],"tags":[],"_links":{"self":[{"href":"http:\/\/dcvcorp.com.br\/index.php?rest_route=\/wp\/v2\/posts\/306"}],"collection":[{"href":"http:\/\/dcvcorp.com.br\/index.php?rest_route=\/wp\/v2\/posts"}],"about":[{"href":"http:\/\/dcvcorp.com.br\/index.php?rest_route=\/wp\/v2\/types\/post"}],"author":[{"embeddable":true,"href":"http:\/\/dcvcorp.com.br\/index.php?rest_route=\/wp\/v2\/users\/2"}],"replies":[{"embeddable":true,"href":"http:\/\/dcvcorp.com.br\/index.php?rest_route=%2Fwp%2Fv2%2Fcomments&post=306"}],"version-history":[{"count":15,"href":"http:\/\/dcvcorp.com.br\/index.php?rest_route=\/wp\/v2\/posts\/306\/revisions"}],"predecessor-version":[{"id":407,"href":"http:\/\/dcvcorp.com.br\/index.php?rest_route=\/wp\/v2\/posts\/306\/revisions\/407"}],"wp:attachment":[{"href":"http:\/\/dcvcorp.com.br\/index.php?rest_route=%2Fwp%2Fv2%2Fmedia&parent=306"}],"wp:term":[{"taxonomy":"category","embeddable":true,"href":"http:\/\/dcvcorp.com.br\/index.php?rest_route=%2Fwp%2Fv2%2Fcategories&post=306"},{"taxonomy":"post_tag","embeddable":true,"href":"http:\/\/dcvcorp.com.br\/index.php?rest_route=%2Fwp%2Fv2%2Ftags&post=306"}],"curies":[{"name":"wp","href":"https:\/\/api.w.org\/{rel}","templated":true}]}}