{"id":3171,"date":"2017-02-28T09:31:03","date_gmt":"2017-02-28T12:31:03","guid":{"rendered":"http:\/\/dcvcorp.com.br\/?p=3171"},"modified":"2018-08-15T10:04:32","modified_gmt":"2018-08-15T13:04:32","slug":"o-ventre-do-senhor","status":"publish","type":"post","link":"http:\/\/dcvcorp.com.br\/?p=3171","title":{"rendered":"O &#8220;Ventre&#8221; do SENHOR"},"content":{"rendered":"<p><a href=\"http:\/\/dcvcorp.com.br\/wp-content\/uploads\/ventre.jpg\"><img loading=\"lazy\" class=\" wp-image-3173 aligncenter\" src=\"http:\/\/dcvcorp.com.br\/wp-content\/uploads\/ventre.jpg\" alt=\"\" width=\"522\" height=\"257\" srcset=\"http:\/\/dcvcorp.com.br\/wp-content\/uploads\/ventre.jpg 630w, http:\/\/dcvcorp.com.br\/wp-content\/uploads\/ventre-300x148.jpg 300w\" sizes=\"(max-width: 522px) 100vw, 522px\" \/><\/a><\/p>\n<p>Quando voc\u00ea analisa no hebraico algumas palavras, os seus significados e as suas ra\u00edzes, \u00e9 incr\u00edvel a correla\u00e7\u00e3o entre certos termos e significados com a profundidade do ensino de Jesus em muitos aspectos.<\/p>\n<p>Lendo a famosa passagem do profeta Jeremias sobre o seu chamado &#8230;<\/p>\n<p style=\"padding-left: 30px;\">&#8220;<strong>Antes que Eu te formasse no ventre materno, Eu te conheci, e, antes que sa\u00edsses da madre (<span style=\"color: #ff0000;\">\u05e8\u05d7\u05de\u05bc rechem<\/span>), te consagrei, e te constitu\u00ed profeta \u00e0s na\u00e7\u00f5es.<\/strong>&#8221; (Jeremias 1:5)<\/p>\n<p>&#8230; eu reparei no termo usado para &#8220;<strong>madre<\/strong>&#8221; que \u00e9\u00a0<span style=\"color: #ff0000;\"><strong>\u05e8\u05d7\u05de\u05bc<\/strong><\/span> (<span style=\"color: #ff0000;\"><strong>rechem<\/strong><\/span>), cuja raiz vem de\u00a0<span style=\"color: #ff0000;\"><strong>\u05e8\u05d7\u05de\u05bc<\/strong><\/span> (<span style=\"color: #ff0000;\"><strong>racham<\/strong><\/span>). O termo &#8220;<strong>rechem<\/strong>&#8221; significa &#8220;<strong>ventre, \u00fatero<\/strong>&#8220;, enquanto &#8220;<strong>racham<\/strong>&#8221; significa &#8220;<strong>amar profundamente, ter miseric\u00f3rdia, ter compaix\u00e3o<\/strong>&#8221; &#8230; curiosamente &#8220;<strong>racham<\/strong>&#8221; significa tanto &#8220;<strong>miseric\u00f3rdia<\/strong>&#8221; quanto &#8220;<strong>ventre, barriga<\/strong>&#8220;.<\/p>\n<p>Voc\u00ea j\u00e1 conseguiu perceber a beleza dessa rela\u00e7\u00e3o? O ventre \u00e9 um lugar de ternura, nutri\u00e7\u00e3o, prote\u00e7\u00e3o e desenvolvimento. Se n\u00e3o fosse por esse terno lugar de amor voc\u00ea nunca teria nascido. Nas Escrituras, o termo &#8220;<strong>racham<\/strong>&#8221; \u00e9 usado com frequ\u00eancia para se referir ao amor e \u00e0 miseric\u00f3rdia de Deus. Observando o que temos visto e aprendido &#8230; o amor e a miseric\u00f3rdia de Deus s\u00e3o como um \u00fatero.<\/p>\n<p>Quando o SENHOR separou para si a na\u00e7\u00e3o de Israel e eles n\u00e3o honraram ao SENHOR como deveriam, o pr\u00f3prio Deus os lembraria antecipadamente de que Ele foi quem os gerou e os fez nascer, atrav\u00e9s da &#8220;<strong>Rocha<\/strong>&#8221; que \u00e9 Cristo (1 Cor\u00edntios 10:4), como est\u00e1 escrito &#8230;<\/p>\n<p style=\"padding-left: 30px;\">&#8220;<strong>Voc\u00eas abandonaram <span style=\"color: #ff0000;\">a Rocha, que os gerou<\/span>; voc\u00eas se esqueceram <span style=\"color: #ff0000;\">do Deus\u00a0que os fez nascer<\/span>.<\/strong>&#8221; (Deuteron\u00f4mio 32:18)<\/p>\n<p>\u00c9 o profundo amor e a compaix\u00e3o de Deus que nos faz nascer &#8230; de novo! Quando Jesus estava conversando com o l\u00edder Nicodemos sobre o que era necess\u00e1rio para ver o Reino de Deus, o Mestre reiterou a necessidade de se &#8220;nascer de novo&#8221;. Nicodemos n\u00e3o entendendo perguntou &#8230;<\/p>\n<p style=\"padding-left: 30px;\">&#8220;<strong>Como pode um homem nascer, sendo velho? Pode, porventura, voltar ao ventre materno e nascer segunda vez?<\/strong>&#8221; (Jo\u00e3o 3:4)<\/p>\n<p>Nicodemos claramente n\u00e3o compreendeu a profundidade da express\u00e3o &#8220;<strong>nascer &#8230; de novo<\/strong>&#8220;, Jesus n\u00e3o se referia \u00e0 uma quest\u00e3o meramente biol\u00f3gica, n\u00e3o era esse o ponto.\u00a0Mas sim, h\u00e1 um &#8220;<strong>\u00fatero<\/strong>&#8221; em que podemos entrar &#8230; no &#8220;<strong>rechem<\/strong>&#8220;, o\u00a0&#8220;ventre&#8221; da miseric\u00f3rdia e do amor profundo de Deus. \u00c9 no ventre (rechem) de Seu grande amor (racham), onde Ele\u00a0nos mant\u00e9m com a Sua ternura sobre as nossas vidas, onde nos sustenta, nutre e protege do mal. Quando\u00a0vivemos sendo nutridos\u00a0pelo grande amor e pela miseric\u00f3rdia de Deus \u00e9 que\u00a0n\u00f3s crescemos, nos desenvolvemos e somos ent\u00e3o\u00a0formados como &#8220;<strong>filhos do Alto<\/strong>&#8220;, como &#8220;<strong>novas criaturas<\/strong>&#8221;\u00a0que fomos\u00a0chamados para ser. O &#8220;<strong>racham<\/strong>&#8220;, <span style=\"color: #ff0000;\">o amor de Deus<\/span>, \u00e9 o &#8220;<strong>rechem<\/strong>&#8220;, o <span style=\"color: #ff0000;\">ventre do nosso novo nascimento<\/span>. O profundo amor de Deus \u00e9 o \u00fatero que gera o nosso novo nascimento, o nosso &#8220;<strong>novo ser<\/strong>&#8220;.<\/p>\n<p>Nesse ponto \u00e9 fundamental entender a enorme profundidade do novo nascimento simbolizado no ritual do Batismo nas \u00c1guas que ecoa a contundente afirma\u00e7\u00e3o de Jesus &#8230; &#8220;<strong>Em verdade, em verdade te digo: <span style=\"color: #ff0000;\">quem n\u00e3o nascer da \u00e1gua e do Esp\u00edrito n\u00e3o pode entrar no reino de Deus<\/span>. O que \u00e9 nascido da carne \u00e9 carne; e o que \u00e9 nascido do Esp\u00edrito \u00e9 esp\u00edrito<\/strong>&#8221; (Jo\u00e3o 3:5,6) &#8230; esse &#8220;<strong>nascer da \u00e1gua e do Esp\u00edrito<\/strong>&#8221; \u00e9 perfeitamente simbolizado em todo o Batismo.<\/p>\n<p>Perceba como isso \u00e9 profundo &#8230; quando algu\u00e9m decide se batizar nas \u00e1guas, todo o procedimento lembra o processo de gesta\u00e7\u00e3o e de nascimento, pois antes de algu\u00e9m entrar nas \u00e1guas, a primeira coisa que a pessoa faz \u00e9 segurar a respira\u00e7\u00e3o, um simbolismo de que o &#8220;<strong>velho homem<\/strong>&#8221; est\u00e1 morrendo; em seguida ela submerge \u00e0s \u00e1guas e agora est\u00e1 no &#8220;<strong>ventre de Deus<\/strong>&#8220;, similar a uma crian\u00e7a quando gestada no ventre da m\u00e3e que est\u00e1 envolvida tamb\u00e9m por \u00e1gua, no caso o<strong> l\u00edquido amni\u00f3tico<\/strong>. A \u00e1gua \u00e9 s\u00edmbolo direto das Escrituras, da Palavra de Deus (vide Jo\u00e3o 15:3) e vamos al\u00e9m, <strong>Jesus \u00e9 a Palavra de Deus encarnada, <span style=\"color: #ff0000;\">Jesus \u00e9 a Torah ( Lei ) Viva<\/span><\/strong><span style=\"color: #000000;\">,<\/span> portanto, no Batismo quando estamos debaixo das \u00e1guas, dentro do &#8220;<strong>ventre de Deus<\/strong>&#8220;, estamos simbolicamente cercados por Jesus que \u00e9 a Palavra &#8230; a \u00e1gua onde somos &#8220;gestados&#8221;. Nesse ponto, come\u00e7a a transforma\u00e7\u00e3o j\u00e1 prevista em textos do Antigo Testamento que j\u00e1 descreviam como seria o &#8220;<strong>Novo Nascimento<\/strong>&#8221; &#8230;<\/p>\n<p style=\"padding-left: 30px;\">&#8220;<strong>Eis a\u00ed v\u00eam dias, diz o SENHOR, em que firmarei nova alian\u00e7a com a casa de Israel e com a casa de Jud\u00e1. &#8230; Porque esta \u00e9 a alian\u00e7a que firmarei com a casa de Israel, depois daqueles dias, diz o SENHOR: <span style=\"color: #ff0000;\">Na mente, lhes imprimirei as minhas leis ( \u05ea\u05d5\u05e8\u05d4 torah ), tamb\u00e9m no cora\u00e7\u00e3o lhas inscreverei<\/span>; Eu serei o seu Deus, e eles ser\u00e3o o meu povo.<\/strong>&#8221; (Jeremias 31:31,33)<\/p>\n<p style=\"padding-left: 30px;\">&#8220;<strong><span style=\"color: #ff0000;\">Dar-vos-ei cora\u00e7\u00e3o novo e porei dentro de v\u00f3s esp\u00edrito novo<\/span>; tirarei de v\u00f3s o cora\u00e7\u00e3o de pedra e vos darei cora\u00e7\u00e3o de carne. <span style=\"color: #ff0000;\">Porei dentro de v\u00f3s o Meu Esp\u00edrito<\/span> e farei que andeis nos Meus estatutos, guardeis os Meus ju\u00edzos e os observeis.<\/strong>&#8221; (Ezequiel 36:26,27)<\/p>\n<p>Esses dois textos mostram a profundidade da transforma\u00e7\u00e3o que est\u00e1 ocorrendo na pessoa que entrou no &#8220;<strong>ventre de Deus<\/strong>&#8221; e que vai &#8220;<strong>nascer de novo<\/strong>&#8220;, sendo feita &#8220;<strong>Nova Criatura<\/strong>&#8220;. Da mesma forma como uma crian\u00e7a que est\u00e1 sendo gestada e se desenvolvendo no ventre da m\u00e3e onde os primeiros \u00f3rg\u00e3os principais que se formam antes do primeiro m\u00eas de gesta\u00e7\u00e3o s\u00e3o o Sistema Nervoso Central (Mente) e o Cora\u00e7\u00e3o, assim \u00e9 com a &#8220;<strong>Nova Criatura<\/strong>&#8221; em Deus, ela dentro do &#8220;<strong>ventre de Deus<\/strong>&#8221; recebe <strong>uma nova Mente e um novo Cora\u00e7\u00e3o<\/strong> como ressaltam os textos anteriores de Jeremias e Ezequiel e assim como a crian\u00e7a recebe os nutrientes da m\u00e3e pelo cord\u00e3o umbilical, o &#8220;<strong>novo nascido<\/strong>&#8221; de Deus \u00e9 alimentado pelo <strong>amor do SENHOR<\/strong> que \u00e9 a base de tudo de que precisa (1 Cor\u00edntios 13) e tamb\u00e9m o v\u00ednculo da perfei\u00e7\u00e3o (Colossenses 3:14).<\/p>\n<p>Al\u00e9m disso, como ela nasce agora do Esp\u00edrito, ela recebe um &#8220;<strong>DNA divino<\/strong>&#8220;, <strong>um novo esp\u00edrito e o Esp\u00edrito do SENHOR<\/strong> passa a habitar dentro dela, no mais profundo do seu ser. Isso tamb\u00e9m fica explicitamente simbolizado quando a pessoa emerge das \u00e1guas ( a exemplo da crian\u00e7a em gesta\u00e7\u00e3o que dentro do ventre da m\u00e3e ela n\u00e3o faz uso dos pulm\u00f5es, a pessoa no &#8220;<strong>ventre de Deus<\/strong>&#8221; tamb\u00e9m n\u00e3o faz uso dos seus pulm\u00f5es ), pois ao sair do ventre a crian\u00e7a \u00e9 estimulada a usar pela primeira vez os seus pulm\u00f5es e \u00e9 onde ouvimos o seu primeiro choro, assim \u00e9 o &#8220;<strong>novo nascido<\/strong>&#8221; em Deus, a primeira coisa que ele faz ao emergir das \u00e1guas \u00e9 respirar &#8230; tomar f\u00f4lego\u00a0 &#8230; e f\u00f4lego \u00e9 o significado da palavra &#8220;<strong>esp\u00edrito<\/strong>&#8220;, tanto no grego (\u00a0<strong>\u03c0\u03bd\u03b5\u03c5\u03bc\u03b1 pneuma<\/strong> ) quanto no hebraico (\u00a0<strong>\u05e8\u05d5\u05d7 ruwach<\/strong> ) &#8230; ou seja, ao tomar &#8220;<strong>f\u00f4lego<\/strong>&#8220;, simbolizamos o receber do novo esp\u00edrito e do Esp\u00edrito do SENHOR &#8230; tal como Ad\u00e3o que recebeu &#8220;<strong>f\u00f4lego de vidas (\u00a0\u05d7\u05b7\u05d9\u05bc\u05b4\u0591\u05d9\u05dd )<\/strong>&#8221; (G\u00eanesis 2:7), sendo feitos ent\u00e3o agora &#8220;<span style=\"color: #ff0000;\"><strong>Filhos de Deus<\/strong><\/span>&#8220;, recebemos vida abundante por meio do segundo Ad\u00e3o &#8230; Cristo! O &#8220;<strong>velho homem<\/strong>&#8221; morreu na morte de Cristo e um &#8220;<strong>novo homem<\/strong>&#8221; renasceu por meio da ressurrei\u00e7\u00e3o de Cristo &#8230; fomos &#8220;<strong>gestados<\/strong>&#8221; em Cristo, envolvidos por Ele dentro do &#8220;<strong>ventre de Deus<\/strong>&#8221; que \u00e9 o Seu profundo amor, Sua enorme miseric\u00f3rdia!!! Gl\u00f3rias e honras sejam dadas ao SENHOR!!!<\/p>\n<p style=\"padding-left: 30px;\">&#8220;<strong>Porque Deus amou ao mundo de tal maneira que deu o Seu Filho unig\u00eanito, para que todo o que nEle cr\u00ea n\u00e3o pere\u00e7a, mas tenha a vida eterna.<\/strong>&#8221; (Jo\u00e3o 3:16)<\/p>\n<p style=\"padding-left: 30px;\">&#8220;<strong>Amados, amemo-nos uns aos outros, porque o amor procede de Deus; e <span style=\"color: #ff0000;\">todo aquele que ama \u00e9 nascido de Deus<\/span> e conhece a Deus. Aquele que n\u00e3o ama n\u00e3o conhece a Deus, pois <span style=\"color: #ff0000;\">Deus \u00e9 amor<\/span>.<\/strong>&#8221; (1 Jo\u00e3o 4:7,8)<\/p>\n<p style=\"padding-left: 30px;\">&#8220;<strong><span style=\"color: #ff0000;\">Todo aquele que cr\u00ea que Jesus \u00e9 o Cristo \u00e9 nascido de Deus; e todo aquele que ama ao que O gerou tamb\u00e9m ama ao que dEle \u00e9 nascido<\/span>. Nisto conhecemos que amamos os filhos de Deus: quando amamos a Deus e praticamos os Seus mandamentos. Porque este \u00e9 o amor de Deus: que guardemos os Seus mandamentos; ora, os Seus mandamentos n\u00e3o s\u00e3o penosos, porque <span style=\"color: #ff0000;\">todo o que \u00e9 nascido de Deus vence o mundo<\/span>; e esta \u00e9 a vit\u00f3ria que vence o mundo: a nossa f\u00e9. Quem \u00e9 o que vence o mundo, sen\u00e3o aquele que cr\u00ea ser Jesus o Filho de Deus?<\/strong>&#8221; (1 Jo\u00e3o 5:1-5)<\/p>\n<p>Busque voc\u00ea esse &#8220;<strong>novo nascimento<\/strong>&#8221; &#8230; encontre o profundo amor do SENHOR e nutra-se dEle, desenvolvendo-se para ter uma nova vida atrav\u00e9s de Cristo que \u00e9\u00a0a demonstra\u00e7\u00e3o mais contundente do amor e da miseric\u00f3rdia de Deus, Ele \u00e9 o profundo amor de Deus encarnado que nos traz uma nova vida &#8230; uma vida eterna e abundante!<\/p>\n<p>Ao SENHOR seja o Poder, a Honra e a Gl\u00f3ria pelos s\u00e9culos dos s\u00e9culos &#8230; Am\u00e9m!<span class=\"_3gl1 _5zz4\" data-offset-key=\"aft6n-1-0\"><span class=\"_ncl\">\ud83d\ude4f<\/span><\/span><span class=\"_3gl1 _5zz4\" data-offset-key=\"aft6n-2-0\"><span class=\"_ncl\">\u2764<\/span><\/span><\/p>\n","protected":false},"excerpt":{"rendered":"<p>Quando voc\u00ea analisa no hebraico algumas palavras, os seus significados e as suas ra\u00edzes, \u00e9 incr\u00edvel a correla\u00e7\u00e3o entre certos termos e significados com a profundidade do ensino de Jesus em muitos aspectos. Lendo a famosa passagem do profeta Jeremias sobre o seu chamado &#8230; &#8220;Antes que Eu te formasse no ventre materno, Eu te [&hellip;]<\/p>\n","protected":false},"author":2,"featured_media":0,"comment_status":"open","ping_status":"open","sticky":false,"template":"","format":"standard","meta":[],"categories":[24,67,68,13,31,38],"tags":[],"_links":{"self":[{"href":"http:\/\/dcvcorp.com.br\/index.php?rest_route=\/wp\/v2\/posts\/3171"}],"collection":[{"href":"http:\/\/dcvcorp.com.br\/index.php?rest_route=\/wp\/v2\/posts"}],"about":[{"href":"http:\/\/dcvcorp.com.br\/index.php?rest_route=\/wp\/v2\/types\/post"}],"author":[{"embeddable":true,"href":"http:\/\/dcvcorp.com.br\/index.php?rest_route=\/wp\/v2\/users\/2"}],"replies":[{"embeddable":true,"href":"http:\/\/dcvcorp.com.br\/index.php?rest_route=%2Fwp%2Fv2%2Fcomments&post=3171"}],"version-history":[{"count":30,"href":"http:\/\/dcvcorp.com.br\/index.php?rest_route=\/wp\/v2\/posts\/3171\/revisions"}],"predecessor-version":[{"id":3663,"href":"http:\/\/dcvcorp.com.br\/index.php?rest_route=\/wp\/v2\/posts\/3171\/revisions\/3663"}],"wp:attachment":[{"href":"http:\/\/dcvcorp.com.br\/index.php?rest_route=%2Fwp%2Fv2%2Fmedia&parent=3171"}],"wp:term":[{"taxonomy":"category","embeddable":true,"href":"http:\/\/dcvcorp.com.br\/index.php?rest_route=%2Fwp%2Fv2%2Fcategories&post=3171"},{"taxonomy":"post_tag","embeddable":true,"href":"http:\/\/dcvcorp.com.br\/index.php?rest_route=%2Fwp%2Fv2%2Ftags&post=3171"}],"curies":[{"name":"wp","href":"https:\/\/api.w.org\/{rel}","templated":true}]}}