{"id":3778,"date":"2018-11-05T01:39:11","date_gmt":"2018-11-05T03:39:11","guid":{"rendered":"http:\/\/dcvcorp.com.br\/?p=3778"},"modified":"2018-11-05T01:54:44","modified_gmt":"2018-11-05T03:54:44","slug":"o-deus-que-se-oculta-a-fe-e-a-sua-relacao-com-o-espaco-tempo","status":"publish","type":"post","link":"http:\/\/dcvcorp.com.br\/?p=3778","title":{"rendered":"O Deus que Se Oculta, a F\u00e9 e a Sua Rela\u00e7\u00e3o com o Espa\u00e7o-Tempo"},"content":{"rendered":"<div class=\"\" data-block=\"true\" data-editor=\"6duf8\" data-offset-key=\"aqc1f-0-0\">\n<div data-offset-key=\"aqc1f-0-0\"><a href=\"http:\/\/dcvcorp.com.br\/wp-content\/uploads\/mao_criador.jpg\"><img loading=\"lazy\" class=\" wp-image-3779 aligncenter\" src=\"http:\/\/dcvcorp.com.br\/wp-content\/uploads\/mao_criador.jpg\" alt=\"\" width=\"577\" height=\"577\" srcset=\"http:\/\/dcvcorp.com.br\/wp-content\/uploads\/mao_criador.jpg 1024w, http:\/\/dcvcorp.com.br\/wp-content\/uploads\/mao_criador-150x150.jpg 150w, http:\/\/dcvcorp.com.br\/wp-content\/uploads\/mao_criador-300x300.jpg 300w, http:\/\/dcvcorp.com.br\/wp-content\/uploads\/mao_criador-768x768.jpg 768w, http:\/\/dcvcorp.com.br\/wp-content\/uploads\/mao_criador-60x60.jpg 60w\" sizes=\"(max-width: 577px) 100vw, 577px\" \/><\/a><\/div>\n<\/div>\n<div data-offset-key=\"aqc1f-0-0\"><\/div>\n<div data-offset-key=\"aqc1f-0-0\"><\/div>\n<div class=\"\" data-block=\"true\" data-editor=\"6duf8\" data-offset-key=\"aqc1f-0-0\">\n<div data-offset-key=\"aqc1f-0-0\">.<\/div>\n<div class=\"_1mf _1mj\" data-offset-key=\"aqc1f-0-0\"><span data-offset-key=\"aqc1f-0-0\">A palavra hebraica\u00a0&#8220;<strong>\u05e2\u05dc\ufb3e<\/strong>&#8221; <strong>`olam<\/strong>, significa <strong>longa dura\u00e7\u00e3o, eternidade, mundo f\u00edsico<\/strong>.<\/span><\/div>\n<\/div>\n<div class=\"\" data-block=\"true\" data-editor=\"6duf8\" data-offset-key=\"50avg-0-0\">\n<div class=\"_1mf _1mj\" data-offset-key=\"50avg-0-0\"><span data-offset-key=\"50avg-0-0\">\u00a0<\/span><\/div>\n<\/div>\n<div class=\"\" data-block=\"true\" data-editor=\"6duf8\" data-offset-key=\"4j2bb-0-0\">\n<div class=\"_1mf _1mj\" data-offset-key=\"4j2bb-0-0\"><span data-offset-key=\"4j2bb-0-0\">Esta \u00fanica palavra aparece na B\u00edblia, com varia\u00e7\u00f5es, n\u00e3o menos que 437 vezes. Na l\u00edngua hebraica, <strong>`olam<\/strong> ( <strong>\u05e2\u05dc\ufb3e<\/strong> ) representa tanto a dimens\u00e3o f\u00edsica quanto a dimens\u00e3o do tempo &#8211; relacionando-se, especificamente, com sua propriedade \u201cilimitada\u201d. Assim, <strong>`olam<\/strong> ( <strong>\u05e2\u05dc\ufb3e<\/strong> ) significa, simplesmente, &#8220;<strong>mundo f\u00edsico<\/strong>&#8221; ( tudo o que existe ), mas tamb\u00e9m fala de &#8220;<strong>tempo<\/strong>&#8220;, &#8220;<strong>eternidade<\/strong>&#8221; ( relacionado ao tempo sem limites ), ou o tempo decorrido desde o in\u00edcio dos tempos at\u00e9 a eternidade.<\/span><\/div>\n<\/div>\n<div class=\"\" data-block=\"true\" data-editor=\"6duf8\" data-offset-key=\"duro1-0-0\">\n<div class=\"_1mf _1mj\" data-offset-key=\"duro1-0-0\"><span data-offset-key=\"duro1-0-0\">\u00a0<\/span><\/div>\n<\/div>\n<div class=\"\" data-block=\"true\" data-editor=\"6duf8\" data-offset-key=\"60mlg-0-0\">\n<div class=\"_1mf _1mj\" data-offset-key=\"60mlg-0-0\"><span data-offset-key=\"60mlg-0-0\">N\u00e3o deixa de ser curioso e at\u00e9 espantoso ver essa inter-rela\u00e7\u00e3o entre a dimens\u00e3o f\u00edsica e o tempo numa \u00fanica palavra em hebraico h\u00e1 milhares de anos, pois somente recentemente a ci\u00eancia, por meio da mente brilhante de Einstein, alcan\u00e7ou o entendimento dessa rela\u00e7\u00e3o conjunta do espa\u00e7o-tempo atrav\u00e9s da Teoria da Relatividade, a qual revolucionou a f\u00edsica fornecendo uma descri\u00e7\u00e3o unificada da gravidade como uma propriedade geom\u00e9trica do espa\u00e7o e do tempo, ou espa\u00e7o-tempo. Mais uma vez uma descoberta da ci\u00eancia moderna aponta para algo j\u00e1 descrito de forma cifrada nas Escrituras h\u00e1 muitos mil\u00eanios.<\/span><\/div>\n<\/div>\n<div class=\"\" data-block=\"true\" data-editor=\"6duf8\" data-offset-key=\"96vbs-0-0\">\n<div class=\"_1mf _1mj\" data-offset-key=\"96vbs-0-0\"><span data-offset-key=\"96vbs-0-0\">\u00a0<\/span><\/div>\n<\/div>\n<div class=\"\" data-block=\"true\" data-editor=\"6duf8\" data-offset-key=\"fkpkd-0-0\">\n<div class=\"_1mf _1mj\" data-offset-key=\"fkpkd-0-0\"><span data-offset-key=\"fkpkd-0-0\">A palavra `<strong>olam<\/strong> ( <strong>\u05e2\u05dc\ufb3e<\/strong> ) \u00e9 derivada da raiz &#8220;<strong>\u05e2\u05dc\ufb3e<\/strong>&#8221; <strong>`alam<\/strong>, que significa <strong>ocultar, esconder, ser escondido, ser ocultado, ser secreto<\/strong>. Na l\u00edngua hebraica, essa raiz \u00e9 origem de muitas palavras, todas com um senso comum: <strong>ser escondido, ocultado<\/strong>. Exemplos incluem &#8220;<strong>\u05d4\u05e2\u05dc\u05dd<\/strong>&#8221; healem (\u00a0<strong>esquecimento, desaparecimento\u00a0<\/strong>), &#8220;<strong>\u05ea\u05e2\u05dc\u05de\u05d4<\/strong>&#8221; ta`alummah (\u00a0<strong>mist\u00e9rio, segredo\u00a0<\/strong>), &#8220;<strong>\u05dc\u05d4\u05e2\u05dc\u05d9\u05dd<\/strong>&#8221; le-halim (\u00a0<strong>esconder\u00a0<\/strong>) e &#8220;<strong>\u05dc\u05d4\u05ea\u05e2\u05dc\u05dd<\/strong>&#8221; le-hitalem (\u00a0<strong>ignorar, agir como se algo \u00e9 inexistente\u00a0<\/strong>).<\/span><\/div>\n<\/div>\n<div class=\"\" data-block=\"true\" data-editor=\"6duf8\" data-offset-key=\"3vi90-0-0\">\n<div class=\"_1mf _1mj\" data-offset-key=\"3vi90-0-0\"><span data-offset-key=\"3vi90-0-0\">\u00a0<\/span><\/div>\n<\/div>\n<div class=\"\" data-block=\"true\" data-editor=\"6duf8\" data-offset-key=\"e9dnf-0-0\">\n<div class=\"_1mf _1mj\" data-offset-key=\"e9dnf-0-0\"><span data-offset-key=\"e9dnf-0-0\">Olhando o sentido da palavra no seu significado mais concreto como era utilizado nos prim\u00f3rdios pelo povo hebreu, <strong>`olam<\/strong> ( <strong>\u05e2\u05dc\ufb3e<\/strong> ) significa &#8220;<strong>al\u00e9m do horizonte<\/strong>&#8220;, apontando para algo distante e escondido, tanto fisico quanto temporal, por isso a rela\u00e7\u00e3o de <strong>`olam<\/strong> ( <strong>\u05e2\u05dc\ufb3e<\/strong> ) com sua raiz <strong>`alam<\/strong> ( <strong>\u05e2\u05dc\ufb3e<\/strong> ).<\/span><\/div>\n<\/div>\n<div class=\"\" data-block=\"true\" data-editor=\"6duf8\" data-offset-key=\"4hatb-0-0\">\n<div class=\"_1mf _1mj\" data-offset-key=\"4hatb-0-0\"><span data-offset-key=\"4hatb-0-0\">\u00a0<\/span><\/div>\n<\/div>\n<div class=\"\" data-block=\"true\" data-editor=\"6duf8\" data-offset-key=\"6klud-0-0\">\n<div class=\"_1mf _1mj\" data-offset-key=\"6klud-0-0\"><span data-offset-key=\"6klud-0-0\">Voc\u00ea pode ent\u00e3o justificadamente perguntar: <strong>Qual \u00e9 a conex\u00e3o entre \u201cmundo\u201d e \u201coculta\u00e7\u00e3o\u201d?<\/strong> A resposta est\u00e1 escondida no clamor do profeta Isa\u00edas a Deus &#8230;<\/span><\/div>\n<\/div>\n<div class=\"\" data-block=\"true\" data-editor=\"6duf8\" data-offset-key=\"fbdq2-0-0\">\n<div class=\"_1mf _1mj\" data-offset-key=\"fbdq2-0-0\"><span data-offset-key=\"fbdq2-0-0\">\u00a0<\/span><\/div>\n<\/div>\n<div class=\"\" data-block=\"true\" data-editor=\"6duf8\" data-offset-key=\"abht7-0-0\">\n<div class=\"_1mf _1mj\" style=\"padding-left: 30px;\" data-offset-key=\"abht7-0-0\"><span data-offset-key=\"abht7-0-0\">&#8220;<strong>Verdadeiramente, Tu \u00e9s Deus que Se oculta ( Se esconde, misterioso ), \u00f3 Deus de Israel, \u00f3 Salvador.<\/strong>&#8221; (Isa\u00edas 45:15)<\/span><\/div>\n<\/div>\n<div class=\"\" data-block=\"true\" data-editor=\"6duf8\" data-offset-key=\"cc8na-0-0\">\n<div class=\"_1mf _1mj\" data-offset-key=\"cc8na-0-0\"><span data-offset-key=\"cc8na-0-0\">\u00a0<\/span><\/div>\n<\/div>\n<div class=\"\" data-block=\"true\" data-editor=\"6duf8\" data-offset-key=\"28a45-0-0\">\n<div class=\"_1mf _1mj\" data-offset-key=\"28a45-0-0\"><span data-offset-key=\"28a45-0-0\">O tema do Deus oculto \u00e9 repetido in\u00fameras vezes na B\u00edblia. Por exemplo, quando Mois\u00e9s pede a Deus &#8220;<strong>Mostre-me a Tua gl\u00f3ria<\/strong>&#8221; (\u00caxodo 33:18), a resposta que ele recebe \u00e9 &#8230;<\/span><\/div>\n<\/div>\n<div class=\"\" data-block=\"true\" data-editor=\"6duf8\" data-offset-key=\"3anme-0-0\">\n<div class=\"_1mf _1mj\" data-offset-key=\"3anme-0-0\"><span data-offset-key=\"3anme-0-0\">\u00a0<\/span><\/div>\n<\/div>\n<div class=\"\" data-block=\"true\" data-editor=\"6duf8\" data-offset-key=\"fcbon-0-0\">\n<div class=\"_1mf _1mj\" style=\"padding-left: 30px;\" data-offset-key=\"fcbon-0-0\"><span data-offset-key=\"fcbon-0-0\">\u201c<strong>N\u00e3o Me poder\u00e1s ver a face, porquanto homem nenhum ver\u00e1 a Minha face e viver\u00e1. Disse mais o SENHOR: Eis aqui um lugar junto a Mim; e Tu estar\u00e1s sobre a penha. Quando passar a Minha gl\u00f3ria, Eu te porei numa fenda da penha e com a m\u00e3o te cobrirei, at\u00e9 que Eu tenha passado. Depois, em tirando Eu a m\u00e3o, Tu Me ver\u00e1s pelas costas; mas a Minha face n\u00e3o se ver\u00e1.<\/strong>\u201d (\u00caxodo 33:21-23). <\/span><\/div>\n<\/div>\n<div class=\"\" data-block=\"true\" data-editor=\"6duf8\" data-offset-key=\"b5q57-0-0\">\n<div class=\"_1mf _1mj\" data-offset-key=\"b5q57-0-0\"><span data-offset-key=\"b5q57-0-0\">\u00a0<\/span><\/div>\n<\/div>\n<div class=\"\" data-block=\"true\" data-editor=\"6duf8\" data-offset-key=\"12m4m-0-0\">\n<div class=\"_1mf _1mj\" data-offset-key=\"12m4m-0-0\"><span data-offset-key=\"12m4m-0-0\">A tradi\u00e7\u00e3o judaica interpreta isso implicando que a presen\u00e7a de Deus pode ser evidenciada pelas coisas que j\u00e1 ocorreram no passado (&#8220;<strong>Tu Me ver\u00e1s pelas costas<\/strong>&#8220;), entretanto, a pr\u00f3pria exist\u00eancia de Deus est\u00e1 escondida dos olhos.\u00a0<\/span>Isso \u00e9 muitas vezes comparado com o fato de que se pode ver o corpo humano, em suas v\u00e1rias manifesta\u00e7\u00f5es, mas n\u00e3o a alma e o esp\u00edrito que reside dentro de cada um. Da mesma forma como no Tabern\u00e1culo de Mois\u00e9s no deserto, onde o P\u00e1tio ( que simboliza o corpo ) poderia ser visto abertamente, mas o Lugar Santo ( que representa a alma) e o Lugar Sant\u00edssimo ( que representa o esp\u00edrito ) ficavam escondidos pelas v\u00e1rias coberturas e os v\u00e9us do Santu\u00e1rio. Por isso o autor de Hebreus escreve que o caminho ao SENHOR foi por meio da destrui\u00e7\u00e3o do v\u00e9u ( a cobertura que simboliza a carne &#8230; nesse caso a carne de Jesus que escondia a Sua natureza divina ) que esconde o Santu\u00e1rio &#8230;<\/div>\n<\/div>\n<div class=\"\" data-block=\"true\" data-editor=\"6duf8\" data-offset-key=\"ap717-0-0\">\n<div class=\"_1mf _1mj\" data-offset-key=\"ap717-0-0\"><span data-offset-key=\"ap717-0-0\">\u00a0<\/span><\/div>\n<\/div>\n<div class=\"\" data-block=\"true\" data-editor=\"6duf8\" data-offset-key=\"7jlb8-0-0\">\n<div class=\"_1mf _1mj\" style=\"padding-left: 30px;\" data-offset-key=\"7jlb8-0-0\"><span data-offset-key=\"7jlb8-0-0\">&#8220;<strong>Tendo, pois, irm\u00e3os, intrepidez para entrar no Santo dos Santos, pelo sangue de Jesus,\u00a0pelo novo e vivo caminho que Ele nos consagrou pelo v\u00e9u, isto \u00e9, pela Sua carne<\/strong>&#8221; (Hebreus 10:20)<\/span><\/div>\n<\/div>\n<div class=\"\" data-block=\"true\" data-editor=\"6duf8\" data-offset-key=\"4tbda-0-0\">\n<div class=\"_1mf _1mj\" data-offset-key=\"4tbda-0-0\"><span data-offset-key=\"4tbda-0-0\">\u00a0<\/span><\/div>\n<\/div>\n<div class=\"\" data-block=\"true\" data-editor=\"6duf8\" data-offset-key=\"36if6-0-0\">\n<div class=\"_1mf _1mj\" data-offset-key=\"36if6-0-0\"><span data-offset-key=\"36if6-0-0\">O sentido e o uso da palavra <strong>`olam<\/strong> ( <strong>\u05e2\u05dc\ufb3e<\/strong> ) agora se torna claro: o mundo inteiro \u00e9 uma manifesta\u00e7\u00e3o do oculto de Deus. Deus est\u00e1 no mundo, mas o mundo inteiro \u00e9 tamb\u00e9m um testemunho do Deus que Se esconde ( Isa\u00edas 45:15 ) e isso para que o homem sempre tenha que fazer uso da f\u00e9, porque &#8230;<\/span><\/div>\n<\/div>\n<div class=\"\" data-block=\"true\" data-editor=\"6duf8\" data-offset-key=\"cae1n-0-0\">\n<div class=\"_1mf _1mj\" data-offset-key=\"cae1n-0-0\"><span data-offset-key=\"cae1n-0-0\">\u00a0<\/span><\/div>\n<\/div>\n<div class=\"\" data-block=\"true\" data-editor=\"6duf8\" data-offset-key=\"gqon-0-0\">\n<div class=\"_1mf _1mj\" style=\"padding-left: 30px;\" data-offset-key=\"gqon-0-0\"><span data-offset-key=\"gqon-0-0\">&#8220;<strong>&#8230; sem f\u00e9 \u00e9 imposs\u00edvel agradar a Deus, porquanto \u00e9 necess\u00e1rio que aquele que se aproxima de Deus creia que Ele existe e que se torna galardoador dos que O buscam.<\/strong>&#8221; (Hebreus 11:16)<\/span><\/div>\n<\/div>\n<div class=\"\" data-block=\"true\" data-editor=\"6duf8\" data-offset-key=\"ae5tl-0-0\">\n<div class=\"_1mf _1mj\" data-offset-key=\"ae5tl-0-0\"><span data-offset-key=\"ae5tl-0-0\">\u00a0<\/span><\/div>\n<\/div>\n<div class=\"\" data-block=\"true\" data-editor=\"6duf8\" data-offset-key=\"66ulo-0-0\">\n<div class=\"_1mf _1mj\" data-offset-key=\"66ulo-0-0\"><span data-offset-key=\"66ulo-0-0\">O design na palavra hebraica para &#8220;<strong>mundo<\/strong>&#8221; e &#8220;<strong>eternidade<\/strong>&#8221; agora torna-se \u00f3bvio: em uma \u00fanica palavra, <strong>`olam<\/strong> ( <strong>\u05e2\u05dc\ufb3e<\/strong> ), est\u00e1 descrito toda a cria\u00e7\u00e3o que envolve o mundo f\u00edsico e o tempo, percebidos na f\u00edsica moderna pela rela\u00e7\u00e3o espa\u00e7o-tempo que rege o universo, mas que tamb\u00e9m fala do Criador de todas as coisas e que Se esconde, que Se oculta para que o homem possa fazer uso de seu poder de escolha e busque ou n\u00e3o ter um relacionamento com aquEle que o criou.<\/span><\/div>\n<\/div>\n<div class=\"\" data-block=\"true\" data-editor=\"6duf8\" data-offset-key=\"8ui50-0-0\">\n<div class=\"_1mf _1mj\" data-offset-key=\"8ui50-0-0\"><span data-offset-key=\"8ui50-0-0\">\u00a0<\/span><\/div>\n<\/div>\n<div class=\"\" data-block=\"true\" data-editor=\"6duf8\" data-offset-key=\"epn73-0-0\">\n<div class=\"_1mf _1mj\" data-offset-key=\"epn73-0-0\"><span data-offset-key=\"epn73-0-0\">Recomendo que voc\u00ea busque ao SENHOR enquanto ainda pode, como est\u00e1 escrito &#8230;<\/span><\/div>\n<\/div>\n<div class=\"\" data-block=\"true\" data-editor=\"6duf8\" data-offset-key=\"7r0f8-0-0\">\n<div class=\"_1mf _1mj\" data-offset-key=\"7r0f8-0-0\"><span data-offset-key=\"7r0f8-0-0\">\u00a0<\/span><\/div>\n<\/div>\n<div class=\"\" data-block=\"true\" data-editor=\"6duf8\" data-offset-key=\"7gci9-0-0\">\n<div class=\"_1mf _1mj\" style=\"padding-left: 30px;\" data-offset-key=\"7gci9-0-0\"><span data-offset-key=\"7gci9-0-0\">&#8220;<strong>Buscai o SENHOR enquanto se pode achar, invocai-O enquanto est\u00e1 perto. Deixe o perverso o seu caminho, o in\u00edquo, os seus pensamentos; converta-se ao SENHOR, que Se compadecer\u00e1 dele, e volte-se para o nosso Deus, porque \u00e9 rico em perdoar.<\/strong>&#8221; (Isa\u00edas 55:6,7)<\/span><\/div>\n<\/div>\n<div class=\"\" data-block=\"true\" data-editor=\"6duf8\" data-offset-key=\"5182j-0-0\">\n<div class=\"_1mf _1mj\" data-offset-key=\"5182j-0-0\"><span data-offset-key=\"5182j-0-0\">\u00a0<\/span><\/div>\n<\/div>\n<div class=\"\" data-block=\"true\" data-editor=\"6duf8\" data-offset-key=\"977u9-0-0\">\n<div class=\"_1mf _1mj\" data-offset-key=\"977u9-0-0\"><span data-offset-key=\"977u9-0-0\">O SENHOR est\u00e1 muito perto de voc\u00ea, n\u00e3o se deixe enganar pelo v\u00e9u do espa\u00e7o-tempo dessa cria\u00e7\u00e3o, pois escondido atr\u00e1s desse v\u00e9u est\u00e1 o Criador, esperando para lhe encontrar e mudar a sua vida de uma forma como voc\u00ea nunca poderia imaginar e lhe mostrar o bom prop\u00f3sito que Ele tem para a sua vida.<\/span><\/div>\n<\/div>\n<div class=\"\" data-block=\"true\" data-editor=\"6duf8\" data-offset-key=\"20i1m-0-0\">\n<div class=\"_1mf _1mj\" data-offset-key=\"20i1m-0-0\"><span data-offset-key=\"20i1m-0-0\">\u00a0<\/span><\/div>\n<\/div>\n<div class=\"\" data-block=\"true\" data-editor=\"6duf8\" data-offset-key=\"5jq82-0-0\">\n<div class=\"_1mf _1mj\" data-offset-key=\"5jq82-0-0\"><span data-offset-key=\"5jq82-0-0\">Que Deus lhe aben\u00e7oe e lhe ilumine!<\/span><span class=\"_3gl1 _5zz4\" data-offset-key=\"5jq82-1-0\"><span class=\"_ncl\">\ud83d\ude4f<\/span><\/span><span class=\"_3gl1 _5zz4\" data-offset-key=\"5jq82-2-0\"><span class=\"_ncl\">\u2764\ufe0f<\/span><\/span><\/div>\n<\/div>\n","protected":false},"excerpt":{"rendered":"<p>. A palavra hebraica\u00a0&#8220;\u05e2\u05dc\ufb3e&#8221; `olam, significa longa dura\u00e7\u00e3o, eternidade, mundo f\u00edsico. \u00a0 Esta \u00fanica palavra aparece na B\u00edblia, com varia\u00e7\u00f5es, n\u00e3o menos que 437 vezes. Na l\u00edngua hebraica, `olam ( \u05e2\u05dc\ufb3e ) representa tanto a dimens\u00e3o f\u00edsica quanto a dimens\u00e3o do tempo &#8211; relacionando-se, especificamente, com sua propriedade \u201cilimitada\u201d. Assim, `olam ( \u05e2\u05dc\ufb3e ) significa, [&hellip;]<\/p>\n","protected":false},"author":2,"featured_media":0,"comment_status":"open","ping_status":"open","sticky":false,"template":"","format":"standard","meta":[],"categories":[24,53,10,67,70,68,72,31,38],"tags":[],"_links":{"self":[{"href":"http:\/\/dcvcorp.com.br\/index.php?rest_route=\/wp\/v2\/posts\/3778"}],"collection":[{"href":"http:\/\/dcvcorp.com.br\/index.php?rest_route=\/wp\/v2\/posts"}],"about":[{"href":"http:\/\/dcvcorp.com.br\/index.php?rest_route=\/wp\/v2\/types\/post"}],"author":[{"embeddable":true,"href":"http:\/\/dcvcorp.com.br\/index.php?rest_route=\/wp\/v2\/users\/2"}],"replies":[{"embeddable":true,"href":"http:\/\/dcvcorp.com.br\/index.php?rest_route=%2Fwp%2Fv2%2Fcomments&post=3778"}],"version-history":[{"count":4,"href":"http:\/\/dcvcorp.com.br\/index.php?rest_route=\/wp\/v2\/posts\/3778\/revisions"}],"predecessor-version":[{"id":3783,"href":"http:\/\/dcvcorp.com.br\/index.php?rest_route=\/wp\/v2\/posts\/3778\/revisions\/3783"}],"wp:attachment":[{"href":"http:\/\/dcvcorp.com.br\/index.php?rest_route=%2Fwp%2Fv2%2Fmedia&parent=3778"}],"wp:term":[{"taxonomy":"category","embeddable":true,"href":"http:\/\/dcvcorp.com.br\/index.php?rest_route=%2Fwp%2Fv2%2Fcategories&post=3778"},{"taxonomy":"post_tag","embeddable":true,"href":"http:\/\/dcvcorp.com.br\/index.php?rest_route=%2Fwp%2Fv2%2Ftags&post=3778"}],"curies":[{"name":"wp","href":"https:\/\/api.w.org\/{rel}","templated":true}]}}