{"id":3864,"date":"2018-12-19T18:49:45","date_gmt":"2018-12-19T20:49:45","guid":{"rendered":"http:\/\/dcvcorp.com.br\/?p=3864"},"modified":"2018-12-19T18:49:52","modified_gmt":"2018-12-19T20:49:52","slug":"profecia-do-talmude-aponta-para-a-vinda-do-messias-nesse-tempo","status":"publish","type":"post","link":"http:\/\/dcvcorp.com.br\/?p=3864","title":{"rendered":"Profecia do Talmude Aponta para a Vinda do Messias nesse Tempo"},"content":{"rendered":"<p><a href=\"http:\/\/dcvcorp.com.br\/wp-content\/uploads\/Sanhedrin_97b.jpg\"><img loading=\"lazy\" class=\"size-full wp-image-3865 aligncenter\" src=\"http:\/\/dcvcorp.com.br\/wp-content\/uploads\/Sanhedrin_97b.jpg\" alt=\"\" width=\"567\" height=\"142\" srcset=\"http:\/\/dcvcorp.com.br\/wp-content\/uploads\/Sanhedrin_97b.jpg 567w, http:\/\/dcvcorp.com.br\/wp-content\/uploads\/Sanhedrin_97b-300x75.jpg 300w\" sizes=\"(max-width: 567px) 100vw, 567px\" \/><\/a><\/p>\n<p>H\u00e1 cerca de quase 2000 mil anos o Talmude registrou ( vide imagem acima ) uma antiga tradi\u00e7\u00e3o atribu\u00edda ao profeta Elias em conversa com rabinos da seguinte forma &#8230;<\/p>\n<p style=\"padding-left: 30px;\">&#8220;<strong>Elias [ <\/strong>o profeta<strong> ] disse a Rav Yehuda, irm\u00e3o de Rav Sala \u1e24asida: O mundo existir\u00e1 n\u00e3o menos que oitenta e cinco [ <\/strong>85 ciclos de<strong> ] Jubileu. E durante o Jubileu final, o filho de Davi vai vir. [ <\/strong>Rav Yehuda<strong> ] disse a Elias: [ <\/strong>O Messias vir\u00e1<strong> ] durante o come\u00e7o do Jubileu ou durante o seu fim? [ <\/strong>Elias<strong> ] disse [ <\/strong>a Rav Yehuda<strong> ]: Eu n\u00e3o sei. [ <\/strong>Rav Yehuda perguntou: Ser\u00e1 que este \u00faltimo ciclo Jubileu<strong> ] acabar\u00e1 [ <\/strong>antes do Messias vir<strong> ] ou [ <\/strong>ser\u00e1 que<strong> ] n\u00e3o acabar\u00e1 [ <\/strong>antes de sua vinda<strong> ]? [ <\/strong>Elias<strong> ] disse-lhe: Eu n\u00e3o sei. Rav Ashi disse: Isto [ <\/strong>\u00e9 o que<strong> ] Elias disse a ele: At\u00e9 aquele tempo n\u00e3o antecipe a sua vinda; a partir desse [ <\/strong>tempo<strong> ] em diante antecipe [ <\/strong>a sua vinda<strong> ]. [ <\/strong>Elias n\u00e3o informou ao Rav Yehuda a data da vinda do Messias<strong> ].<\/strong>&#8221; ( Sanhedrin 97b )<\/p>\n<p>A contagem do Jubileu \u00e9 mais complicada do que imaginam alguns, pois seu ciclo n\u00e3o \u00e9 de exatos 50 anos como muitos interpretam, visto que h\u00e1 detalhes nessa quest\u00e3o &#8230; para isso basta observar como \u00e9 feita a contagem dos Jubileus no antigo Livro de Jubileus e afins e com isso a esmagadora maioria dos crist\u00e3os, e at\u00e9 mesmo dos judeus, desconhecem os meandros dessa contagem e eu n\u00e3o vou entrar nesse detalhe aqui, pois rapidamente esse post viraria um livro. Portanto eu vou me ater aos dados brutos em si para chegar ao ponto desejado.<\/p>\n<p>Estamos atualmente no ano judaico denominado como 5779 ( <a href=\"http:\/\/dcvcorp.com.br\/?p=3710\" target=\"_blank\" rel=\"noopener\">j\u00e1 escrevi sobre o ano de 5779 e essa quest\u00e3o da contagem dos anos aqui neste artigo<\/a> ) &#8230; \u00e9 importante observar que, segundo alguns estudos, antes de Esdras uma contagem inicial de ciclos de Jubileu come\u00e7ou 54 anos depois de Yetziat Mitzrayim ( o \u00caxodo ), sendo que 36 ciclos de Jubileu foram contados desse tempo at\u00e9 a destrui\u00e7\u00e3o de Jerusal\u00e9m e do primeiro Templo e desde essa data at\u00e9 o ano 5776 s\u00e3o contados 49 ciclos de Jubileus &#8230; chegando aos 85 ciclos de Jubileus &#8230; sendo que o ano 5776 marca o in\u00edcio do ciclo de Jubileu 85 &#8230;<\/p>\n<p>Ou seja, segundo a tradi\u00e7\u00e3o atribu\u00edda a Elias e registrada no Sanhedrin 97b &#8230; o ano 5776 ( h\u00e1 cerca de 3 anos atr\u00e1s ), marca o tempo de 85 ciclos Jubileus ditos ent\u00e3o por Elias, alcan\u00e7ando assim a \u00e9poca m\u00ednima para a vinda do Senhor e de tudo o que o abarca &#8230; o que denota pelo texto do Sanhedrin que o tempo para a vinda do Messias est\u00e1 significativamente muito pr\u00f3ximo ( no caso a segunda vinda para aqueles que entendem que Jesus, Yeshua, \u00e9 o Cristo &#8230; o Messias ).<\/p>\n<p>Enfim, os dados e sinais que mostram isso s\u00e3o muitos e muitos para aqueles que est\u00e3o acordados &#8230; este que aqui eu postei \u00e9 apenas mais um que se alinha aos in\u00fameros sinais que vemos confluindo para esses dias e esse tempo &#8230; <strong>Maranata<\/strong>!<\/p>\n<p style=\"padding-left: 30px;\">&#8220;<strong>Eis que, naqueles dias e naquele tempo, em que mudarei a sorte de Jud\u00e1 e de Jerusal\u00e9m, congregarei todas as na\u00e7\u00f5es e as farei descer ao vale de Josaf\u00e1; e ali entrarei em ju\u00edzo contra elas por causa do Meu povo e da Minha heran\u00e7a, Israel, a quem elas espalharam por entre os povos, repartindo a Minha terra entre si.<\/strong>&#8221; (Joel 3:1,2)<\/p>\n","protected":false},"excerpt":{"rendered":"<p>H\u00e1 cerca de quase 2000 mil anos o Talmude registrou ( vide imagem acima ) uma antiga tradi\u00e7\u00e3o atribu\u00edda ao profeta Elias em conversa com rabinos da seguinte forma &#8230; &#8220;Elias [ o profeta ] disse a Rav Yehuda, irm\u00e3o de Rav Sala \u1e24asida: O mundo existir\u00e1 n\u00e3o menos que oitenta e cinco [ 85 [&hellip;]<\/p>\n","protected":false},"author":2,"featured_media":0,"comment_status":"open","ping_status":"open","sticky":false,"template":"","format":"standard","meta":[],"categories":[24,67,70,68,27,72],"tags":[],"_links":{"self":[{"href":"http:\/\/dcvcorp.com.br\/index.php?rest_route=\/wp\/v2\/posts\/3864"}],"collection":[{"href":"http:\/\/dcvcorp.com.br\/index.php?rest_route=\/wp\/v2\/posts"}],"about":[{"href":"http:\/\/dcvcorp.com.br\/index.php?rest_route=\/wp\/v2\/types\/post"}],"author":[{"embeddable":true,"href":"http:\/\/dcvcorp.com.br\/index.php?rest_route=\/wp\/v2\/users\/2"}],"replies":[{"embeddable":true,"href":"http:\/\/dcvcorp.com.br\/index.php?rest_route=%2Fwp%2Fv2%2Fcomments&post=3864"}],"version-history":[{"count":1,"href":"http:\/\/dcvcorp.com.br\/index.php?rest_route=\/wp\/v2\/posts\/3864\/revisions"}],"predecessor-version":[{"id":3866,"href":"http:\/\/dcvcorp.com.br\/index.php?rest_route=\/wp\/v2\/posts\/3864\/revisions\/3866"}],"wp:attachment":[{"href":"http:\/\/dcvcorp.com.br\/index.php?rest_route=%2Fwp%2Fv2%2Fmedia&parent=3864"}],"wp:term":[{"taxonomy":"category","embeddable":true,"href":"http:\/\/dcvcorp.com.br\/index.php?rest_route=%2Fwp%2Fv2%2Fcategories&post=3864"},{"taxonomy":"post_tag","embeddable":true,"href":"http:\/\/dcvcorp.com.br\/index.php?rest_route=%2Fwp%2Fv2%2Ftags&post=3864"}],"curies":[{"name":"wp","href":"https:\/\/api.w.org\/{rel}","templated":true}]}}