{"id":526,"date":"2014-09-07T12:45:27","date_gmt":"2014-09-07T15:45:27","guid":{"rendered":"http:\/\/dcvcorp.com.br\/?p=526"},"modified":"2014-10-11T12:48:44","modified_gmt":"2014-10-11T15:48:44","slug":"nao-sigo-o-papa-francisco-maria-nao-e-a-minha-mae-e-eu-nao-sou-orfao","status":"publish","type":"post","link":"http:\/\/dcvcorp.com.br\/?p=526","title":{"rendered":"N\u00e3o sigo o Papa Francisco, Maria n\u00e3o \u00e9 a minha m\u00e3e e eu n\u00e3o sou \u00f3rf\u00e3o"},"content":{"rendered":"<p>Jennifer LeClaire<\/p>\n<p>&nbsp;<\/p>\n<p>O Papa Francisco tem sido uma lufada de ar fresco para muitos cat\u00f3licos em busca de maior liberdade e uma preocupa\u00e7\u00e3o crescente para os crist\u00e3os conservadores que discordam de seus coment\u00e1rios sobre a homossexualidade e outras quest\u00f5es culturais.<\/p>\n<p><!--more--><\/p>\n<table  class=\" table table-hover\" cellspacing=\"0\" cellpadding=\"0\">\n<tbody>\n<tr>\n<td valign=\"middle\"><img src=\"http:\/\/1.bp.blogspot.com\/-JhCR9fdNEnk\/VAs5JEP3uSI\/AAAAAAAAWzY\/FQRFeOQ-j9E\/s1600\/Papa%2BFrancisco%2Bdando%2Bdiscurso.jpg\" alt=\"\" \/><\/td>\n<\/tr>\n<tr>\n<td valign=\"middle\"><b>Papa Francisco conduz a audi\u00eancia semanal na Pra\u00e7a de S\u00e3o Pedro, no Vaticano, quinta-feira. O papa enviou um pol\u00eamico tu\u00edte ter\u00e7a-feira que viola as Escrituras. (Reuters \/ Alessandro Bianchi)<\/b><\/td>\n<\/tr>\n<\/tbody>\n<\/table>\n<p>&nbsp;<\/p>\n<p>Mas a \u00faltima declara\u00e7\u00e3o do pont\u00edfice est\u00e1 provocando um alvoro\u00e7o nos crentes ao redor do mundo. O Papa Francisco enviou um tu\u00edte ter\u00e7a-feira que definitivamente viola a verdade das Escrituras:<\/p>\n<p>\u201c<b>O crist\u00e3o que n\u00e3o sente que a Virgem Maria \u00e9 a sua m\u00e3e \u00e9 um \u00f3rf\u00e3o<\/b>\u201d, tuitou o Papa Francisco. A partir do momento em que eu escrevi nesta coluna o tu\u00edte tinha sido \u201cretuittado\u201d cerca de 4.000 vezes e muitas das respostas foram indelicadas.<\/p>\n<p>Alguns sugeriram que o pont\u00edfice \u00e9 \u201ccompletamente maluco\u201d, enquanto outros lhe perguntaram se ele tinha inalado muito incenso e ainda outro disse ao jesu\u00edta argentino que se confinasse ao seu pacifismo. Fica pior a partir da\u00ed, mas n\u00e3o \u00e9 apropriado atacar o homem pelo seu tu\u00edte anti-b\u00edblico. \u00c9 mais apropriado compartilhar a verdade.<\/p>\n<p><b>Maria \u00e9 a M\u00e3e do Mundo?<\/b><\/p>\n<p>Primeiro, vamos examinar como o papa expandiu sua exalta\u00e7\u00e3o de Maria. Durante seu discurso semanal em Roma, <b>o papa colocou a Igreja Cat\u00f3lica Romana na posi\u00e7\u00e3o de \u201cm\u00e3e\u201d do mundo e encorajou os cat\u00f3licos a seguirem Maria como exemplo da maternidade divina<\/b>.<\/p>\n<p>\u201cEm nossas catequeses, temos notado, muitas vezes, que n\u00e3o nos tornamos um crist\u00e3o por conta pr\u00f3pria, mas por termos nascido e sido alimentados na f\u00e9 no meio do povo de Deus, que \u00e9 a igreja. Ela \u00e9 uma verdadeira m\u00e3e que nos d\u00e1 a vida em Cristo e, na comunh\u00e3o do Esp\u00edrito Santo, nos leva a uma vida comum com nossos irm\u00e3os e irm\u00e3s\u201d, disse o papa.<\/p>\n<p>\u201cO modelo da maternidade para a igreja \u00e9 a Bem-Aventurada Virgem Maria que, na plenitude dos tempos, concebeu atrav\u00e9s do Esp\u00edrito Santo e deu \u00e0 luz o Filho de Deus. Sua maternidade continua atrav\u00e9s da igreja, que traz filhos e filhas por meio do batismo, a quem ela nutre por meio da Palavra de Deus\u201d.<\/p>\n<p><b>E Quanto a Romanos 8:14-17?<\/b><\/p>\n<p>Ent\u00e3o, vamos come\u00e7ar a dissipar esse erro com as Escrituras. Romanos 8:14-17 ilumina a quest\u00e3o dos \u00f3rf\u00e3os em Cristo \u2014 n\u00e3o h\u00e1 \u00f3rf\u00e3os em Cristo:<\/p>\n<p style=\"padding-left: 30px;\"><b>\u00a0\u201cPorquanto, todos os que s\u00e3o guiados pelo Esp\u00edrito de Deus s\u00e3o filhos de Deus. Pois v\u00f3s n\u00e3o recebestes um esp\u00edrito que vos escravize para andardes, uma vez mais, atemorizados, mas recebestes o Esp\u00edrito que os adota como filhos, por interm\u00e9dio do qual podemos clamar: \u2018Abba, Pai!\u2019 O pr\u00f3prio Esp\u00edrito testemunha ao nosso esp\u00edrito que somos filhos de Deus. Se somos filhos, ent\u00e3o, tamb\u00e9m somos herdeiros; herdeiros de Deus e co-herdeiros com Cristo, se realmente participamos dos seus sofrimentos para que, da mesma maneira, participemos da sua gl\u00f3ria\u201d. (KJA)<\/b><\/p>\n<p>Em nenhuma parte esses versos fazem men\u00e7\u00e3o de Maria. Em vez disso, vemos o Pai, Cristo e o Esp\u00edrito Santo em a\u00e7\u00e3o na vida de um crente. \u00c9 o que est\u00e1 na B\u00edblia. Se isso n\u00e3o for suficiente, o pr\u00f3prio Jesus afirmou claramente: <b>\u201cN\u00e3o vos deixarei \u00f3rf\u00e3os; voltarei para v\u00f3s\u201d (Jo\u00e3o 14:18 KJA).<\/b> Eu n\u00e3o quero dizer isso de uma maneira sarc\u00e1stica, de forma alguma, mas por favor, note que <i>Jesus n\u00e3o disse que Maria viria a eles, ou que Ele traria Maria para eles, ou que Maria estaria orando por eles, ou que eles deveriam orar para Maria<\/i>.<\/p>\n<p>H\u00e1 muitas quest\u00f5es na religi\u00e3o cat\u00f3lica que n\u00e3o se alinham com a B\u00edblia, mas sugerir que \u201cO crist\u00e3o que n\u00e3o sente que a Virgem Maria \u00e9 a sua m\u00e3e \u00e9 um \u00f3rf\u00e3o\u201d \u00e9 uma afirma\u00e7\u00e3o obviamente her\u00e9tica que barateia a nossa salva\u00e7\u00e3o. Os crist\u00e3os s\u00e3o justificados pela f\u00e9 (Rm 5:1) \u2014 pela Justi\u00e7a de Deus em Cristo (2 Cor 5:21). Maria foi um instrumento aben\u00e7oado que Deus escolheu para trazer o Messias ao mundo, mas Jesus n\u00e3o a exaltou e nem n\u00f3s dever\u00edamos.<\/p>\n<p><b>Jennifer LeClaire<\/b><i> \u00e9 editora de not\u00edcias da revista Charisma. Ela tamb\u00e9m \u00e9 diretora do Awakening House of Prayer (Casa de Ora\u00e7\u00e3o Despertar) em Fort Lauderdale, Fl\u00f3rida, e autora de v\u00e1rios livros.<\/i><\/p>\n<p>&nbsp;<\/p>\n<p>Traduzido por mim\u00a0do artigo da revista Charisma: <a href=\"http:\/\/www.charismanews.com\/opinion\/watchman-on-the-wall\/45287-pope-francis-mary-is-not-my-mother-and-i-am-not-an-orphan\" target=\"_blank\">Pope Francis, Mary Is Not My Mother, and I Am Not an Orphan<\/a><\/p>\n<p>Fonte: <a href=\"http:\/\/juliosevero.blogspot.com\/2014\/09\/nao-sigo-o-papa-francisco-maria-nao-e.html\" target=\"_blank\">www.juliosevero.com<\/a><\/p>\n","protected":false},"excerpt":{"rendered":"<p>Jennifer LeClaire &nbsp; O Papa Francisco tem sido uma lufada de ar fresco para muitos cat\u00f3licos em busca de maior liberdade e uma preocupa\u00e7\u00e3o crescente para os crist\u00e3os conservadores que discordam de seus coment\u00e1rios sobre a homossexualidade e outras quest\u00f5es culturais.<\/p>\n","protected":false},"author":2,"featured_media":0,"comment_status":"open","ping_status":"open","sticky":false,"template":"","format":"standard","meta":[],"categories":[13,19,18,38],"tags":[],"_links":{"self":[{"href":"http:\/\/dcvcorp.com.br\/index.php?rest_route=\/wp\/v2\/posts\/526"}],"collection":[{"href":"http:\/\/dcvcorp.com.br\/index.php?rest_route=\/wp\/v2\/posts"}],"about":[{"href":"http:\/\/dcvcorp.com.br\/index.php?rest_route=\/wp\/v2\/types\/post"}],"author":[{"embeddable":true,"href":"http:\/\/dcvcorp.com.br\/index.php?rest_route=\/wp\/v2\/users\/2"}],"replies":[{"embeddable":true,"href":"http:\/\/dcvcorp.com.br\/index.php?rest_route=%2Fwp%2Fv2%2Fcomments&post=526"}],"version-history":[{"count":2,"href":"http:\/\/dcvcorp.com.br\/index.php?rest_route=\/wp\/v2\/posts\/526\/revisions"}],"predecessor-version":[{"id":528,"href":"http:\/\/dcvcorp.com.br\/index.php?rest_route=\/wp\/v2\/posts\/526\/revisions\/528"}],"wp:attachment":[{"href":"http:\/\/dcvcorp.com.br\/index.php?rest_route=%2Fwp%2Fv2%2Fmedia&parent=526"}],"wp:term":[{"taxonomy":"category","embeddable":true,"href":"http:\/\/dcvcorp.com.br\/index.php?rest_route=%2Fwp%2Fv2%2Fcategories&post=526"},{"taxonomy":"post_tag","embeddable":true,"href":"http:\/\/dcvcorp.com.br\/index.php?rest_route=%2Fwp%2Fv2%2Ftags&post=526"}],"curies":[{"name":"wp","href":"https:\/\/api.w.org\/{rel}","templated":true}]}}