{"id":779,"date":"2014-09-17T10:00:14","date_gmt":"2014-09-17T13:00:14","guid":{"rendered":"http:\/\/dcvcorp.com.br\/?p=779"},"modified":"2014-11-07T10:23:16","modified_gmt":"2014-11-07T12:23:16","slug":"multiculturalismo-letal-aos-valores-ocidentais","status":"publish","type":"post","link":"http:\/\/dcvcorp.com.br\/?p=779","title":{"rendered":"Multiculturalismo: Letal aos Valores Ocidentais"},"content":{"rendered":"<p><strong>Walter E. Williams pergunta se os americanos t\u00eam \u201ca vontade de nos defender da aniquila\u00e7\u00e3o\u201d<\/strong><\/p>\n<p>&nbsp;<\/p>\n<p>por <strong>Walter\u00a0Williams<\/strong>,<\/p>\n<p>&nbsp;<\/p>\n<p>A chanceler alem\u00e3, Angela Merkel, declarou que na Alemanha o multiculturalismo &#8220;fracassou totalmente&#8221;. Tanto o ex-Primeiro-Ministro John Howard da Austr\u00e1lia quanto o ex-Primeiro-Ministro Jos\u00e9 Maria Aznar da Espanha chegaram \u00e0 essa mesma conclus\u00e3o sobre o multiculturalismo em seus pa\u00edses. O Primeiro-Ministro brit\u00e2nico David Cameron, alertou que o multiculturalismo est\u00e1 fomentando a ideologia extremista e contribuindo diretamente para o crescimento local do terrorismo isl\u00e2mico. O L\u00edder do Partido Independente do Reino Unido, Nigel Farage, disse que o esfor\u00e7o do Reino Unido para o multiculturalismo n\u00e3o uniu os brit\u00e2nicos, mas os separou. Isso tem permitido ao Isl\u00e3 emergir, apesar da cultura judaico-crist\u00e3 da Gr\u00e3-Bretanha. O ex-Primeiro-Ministro brit\u00e2nico, Tony Blair, disse que as ra\u00edzes do islamismo violento n\u00e3o s\u00e3o &#8220;superficiais, mas profundas&#8221; e podem ser encontradas &#8220;na minoria extremista que agora, em cada cidade europeia, prega o \u00f3dio ao Ocidente e ao nosso modo de vida&#8221;.<\/p>\n<p>O ponto principal \u00e9 que grande parte do mundo mu\u00e7ulmano est\u00e1 em guerra com a civiliza\u00e7\u00e3o ocidental. N\u00e3o h\u00e1 d\u00favida de que o Ocidente tem o poder militar para impedir a agenda do Isl\u00e3 radical. A quest\u00e3o em jogo \u00e9 se temos a intelig\u00eancia para reconhecer o ataque e a vontade de nos defender da aniquila\u00e7\u00e3o.<\/p>\n<p>O multiculturalismo est\u00e1 com com os p\u00e9s dos islamitas na nossa porta. No cora\u00e7\u00e3o do multiculturalismo est\u00e1 um ataque contra os valores ocidentais e crist\u00e3os. Muito deste ataque tem as suas ra\u00edzes nos campus universit\u00e1rios, entre a elite intelectual que v\u00ea como sua miss\u00e3o doutrinar a juventude. Nas colunas anteriores, eu tenho documentado o ensino do \u00f3dio \u00e0 Am\u00e9rica pelos acad\u00eamicos, assim como o professor de economia da UCLA que disse \u00e0 sua classe, &#8220;Os Estados Unidos da Am\u00e9rica, apoiado por fatos, \u00e9 o pa\u00eds mais ganancioso e mais ego\u00edsta do mundo&#8221;. Uma professora de hist\u00f3ria disse \u00e0 sua classe: &#8220;O capitalismo n\u00e3o \u00e9 uma mentira dita de prop\u00f3sito. \u00c9 apenas uma mentira&#8221;. Ela tamb\u00e9m disse: &#8220;Os (Capitalistas) s\u00e3o porcos. &#8230; Eles s\u00e3o pessoas bastardas&#8221;. Os alunos sentam-se entre as aulas <!--more-->ouvindo professores divagarem sobre temas como globaliza\u00e7\u00e3o e explora\u00e7\u00e3o ocidental dos povos do Oriente M\u00e9dio e do Terceiro Mundo.<\/p>\n<p>Alguns conselhos de escolas p\u00fablicas proibiram can\u00e7\u00f5es e m\u00fasicas com as refer\u00eancias ao Papai Noel, Jesus ou outros s\u00edmbolos religiosos do Natal. O sistema escolar de Nova York permite exposi\u00e7\u00f5es de menor\u00e1s judeus e da estrela mu\u00e7ulmana com a lua crescente, mas n\u00e3o a cena da Natividade Crist\u00e3. Um distrito escolar proibiu um professor de usar trechos de documentos hist\u00f3ricos em sua sala de aula, pois continham refer\u00eancias a Deus e ao cristianismo. Os documentos hist\u00f3ricos em quest\u00e3o eram a Declara\u00e7\u00e3o da Independ\u00eancia e &#8220;Os Direitos dos Colonos&#8221;, de Samuel Adams.<\/p>\n<p>Os EUA s\u00e3o uma na\u00e7\u00e3o de muitas ra\u00e7as, etnias, religi\u00f5es e culturas. Desde o in\u00edcio de nosso pa\u00eds, pessoas de todo o mundo imigraram para aqui para tornarem-se americanos. Eles aprenderam Ingl\u00eas e a hist\u00f3ria americana e celebraram as tradi\u00e7\u00f5es e os valores americanos. Eles se tornaram americanos ao mesmo tempo em que respeitavam e adaptavam algumas das tradi\u00e7\u00f5es dos pa\u00edses que deixaram para tr\u00e1s. Por outro lado, muitos dos imigrantes de hoje exigem que as aulas sejam dadas \u2013 e os documentos oficiais sejam impressos \u2013 em sua l\u00edngua nativa. Outros imigrantes exigem o uso da Shariah, pr\u00e1ticas que permitem o crime de honra e a mutila\u00e7\u00e3o genital feminina.<\/p>\n<p>Os multiculturalistas afirmam que os diferentes valores culturais s\u00e3o moralmente equivalentes. Isso \u00e9 um absurdo. A cultura e os valores ocidentais s\u00e3o superiores. Para aqueles que me acusam de Eurocentrismo, eu pergunto: \u00c9 a mutila\u00e7\u00e3o for\u00e7ada da genital feminina, como a praticada nos pa\u00edses do Oriente M\u00e9dio e em cerca de 30 paises sub-saarianos da \u00c1frica, um valor cultural moralmente equivalente? A escravid\u00e3o \u00e9 praticada na Maurit\u00e2nia, Mali, N\u00edger, Chade e Sud\u00e3o; isso \u00e9 moralmente equivalente? Na maior parte do Oriente M\u00e9dio, existem in\u00fameras restri\u00e7\u00f5es colocadas \u00e0s mulheres, como proibi\u00e7\u00f5es de condu\u00e7\u00e3o de ve\u00edculos, emprego e educa\u00e7\u00e3o. Sob a lei isl\u00e2mica, em alguns pa\u00edses, as mulheres ad\u00falteras enfrentam a morte por apedrejamento e os ladr\u00f5es enfrentam o castigo de terem a sua m\u00e3o cortada. Em alguns pa\u00edses, a homossexualidade \u00e9 um crime pun\u00edvel com a morte. Estes valores culturais s\u00e3o moralmente equivalentes, superiores ou inferiores aos valores ocidentais?<\/p>\n<p>O multiculturalismo ainda n\u00e3o f\u00eaz um estrago nos EUA como tem feito em pa\u00edses da Europa Ocidental \u2013 como a Inglaterra, Fran\u00e7a e Alemanha \u2013, mas est\u00e1 a caminho. Ali\u00e1s, n\u00e3o \u00e9 preciso ser um ocidental para manter os valores ocidentais. Sobretudo, voc\u00ea apenas tem que aceitar a supremacia do indiv\u00edduo acima de tudo.<\/p>\n<p>&nbsp;<\/p>\n<p>* Artigo traduzido por mim, link original aqui: <a href=\"http:\/\/www.wnd.com\/2014\/09\/multiculturalism-lethal-to-western-values\/\" target=\"_blank\">MULTICULTURALISM: LETHAL TO WESTERN VALUES<\/a><\/p>\n","protected":false},"excerpt":{"rendered":"<p>Walter E. Williams pergunta se os americanos t\u00eam \u201ca vontade de nos defender da aniquila\u00e7\u00e3o\u201d &nbsp; por Walter\u00a0Williams, &nbsp; A chanceler alem\u00e3, Angela Merkel, declarou que na Alemanha o multiculturalismo &#8220;fracassou totalmente&#8221;. Tanto o ex-Primeiro-Ministro John Howard da Austr\u00e1lia quanto o ex-Primeiro-Ministro Jos\u00e9 Maria Aznar da Espanha chegaram \u00e0 essa mesma conclus\u00e3o sobre o multiculturalismo [&hellip;]<\/p>\n","protected":false},"author":2,"featured_media":0,"comment_status":"open","ping_status":"open","sticky":false,"template":"","format":"standard","meta":[],"categories":[21,39,19,20,18],"tags":[],"_links":{"self":[{"href":"http:\/\/dcvcorp.com.br\/index.php?rest_route=\/wp\/v2\/posts\/779"}],"collection":[{"href":"http:\/\/dcvcorp.com.br\/index.php?rest_route=\/wp\/v2\/posts"}],"about":[{"href":"http:\/\/dcvcorp.com.br\/index.php?rest_route=\/wp\/v2\/types\/post"}],"author":[{"embeddable":true,"href":"http:\/\/dcvcorp.com.br\/index.php?rest_route=\/wp\/v2\/users\/2"}],"replies":[{"embeddable":true,"href":"http:\/\/dcvcorp.com.br\/index.php?rest_route=%2Fwp%2Fv2%2Fcomments&post=779"}],"version-history":[{"count":1,"href":"http:\/\/dcvcorp.com.br\/index.php?rest_route=\/wp\/v2\/posts\/779\/revisions"}],"predecessor-version":[{"id":780,"href":"http:\/\/dcvcorp.com.br\/index.php?rest_route=\/wp\/v2\/posts\/779\/revisions\/780"}],"wp:attachment":[{"href":"http:\/\/dcvcorp.com.br\/index.php?rest_route=%2Fwp%2Fv2%2Fmedia&parent=779"}],"wp:term":[{"taxonomy":"category","embeddable":true,"href":"http:\/\/dcvcorp.com.br\/index.php?rest_route=%2Fwp%2Fv2%2Fcategories&post=779"},{"taxonomy":"post_tag","embeddable":true,"href":"http:\/\/dcvcorp.com.br\/index.php?rest_route=%2Fwp%2Fv2%2Ftags&post=779"}],"curies":[{"name":"wp","href":"https:\/\/api.w.org\/{rel}","templated":true}]}}