{"id":1265,"date":"2015-02-25T22:44:28","date_gmt":"2015-02-26T01:44:28","guid":{"rendered":"http:\/\/dcvcorp.com.br\/?p=1265"},"modified":"2015-02-25T22:57:47","modified_gmt":"2015-02-26T01:57:47","slug":"o-livro-de-hitler-mein-kampf-esta-para-ser-impresso-na-alemanha-pela-primeira-vez-desde-1945","status":"publish","type":"post","link":"https:\/\/dcvcorp.com.br\/?p=1265","title":{"rendered":"O Livro de Hitler &#8216;Mein Kampf&#8217; Est\u00e1 Para Ser Impresso Na Alemanha, Pela Primeira Vez Desde 1945"},"content":{"rendered":"<p><span style=\"text-decoration: underline;\">Meu Coment\u00e1rio<\/span>:\u00a0<em>Para quem tem dificuldade com o Ingl\u00eas, publiquei uma vers\u00e3o traduzida do artigo relacionado a essa decis\u00e3o absurda que, al\u00e9m de ser um enorme acinte, tamb\u00e9m possui um alto valor simb\u00f3lico sobre o momento em que vivemos no mundo, justamente nesta \u00e9poca em que v\u00e1rios sinais prof\u00e9ticos tem se intensificado.<\/em><\/p>\n<p>&nbsp;<\/p>\n<p>por <strong>Andre Walker<\/strong>,<\/p>\n<p>&nbsp;<br \/>\n<img class=\" aligncenter\" src=\"http:\/\/media.breitbart.com\/media\/2015\/02\/Mein_Kampf_dust_jacket.jpeg\" alt=\"\" \/><\/p>\n<p>&nbsp;<\/p>\n<p>Mein Kampf, a b\u00edblia nazista escrita por Adolf Hitler, deve ser impressa na Alemanha pela primeira vez desde a derrota do pa\u00eds em 1945. O livro j\u00e1 tinha sido efetivamente banido porque os direitos dele s\u00e3o mantidos pelo governo da Baviera e eles declinaram a todos os pedidos de reimprim\u00ed-lo.<\/p>\n<p>No entanto, o direito autoral, de\u00a0posse da Baviera, deve expirar em dezembro e o Washington Post relata que o livro ser\u00e1 reproduzido como um documento hist\u00f3rico depois disso. A nova edi\u00e7\u00e3o vai ser repleta\u00a0de an\u00e1lises e anota\u00e7\u00f5es cr\u00edticas s\u00e3o esperadas para encher a maior parte das 2.000 p\u00e1ginas.<\/p>\n<p>Isso n\u00e3o impediu que a cr\u00edtica sobre a produ\u00e7\u00e3o de Mein Kempf &#8211; que se traduz como\u00a0&#8220;Minha Luta&#8221; &#8211; e que \u00e9, efetivamente, um discurso de \u00f3dio autobiogr\u00e1fico de Hitler. Ele <!--more-->o escreveu enquanto estava na pris\u00e3o em 1925, ap\u00f3s o fracassado Putsch de Munique.<\/p>\n<p>&#8220;Eu sou absolutamente contra a publica\u00e7\u00e3o de &#8216;Mein Kampf &#8216;, mesmo com anota\u00e7\u00f5es. Voc\u00ea pode fazer anota\u00e7\u00f5es sobre o Diabo? Voc\u00ea pode fazer anota\u00e7\u00f5es sobre uma pessoa como Hitler?&#8221;, Disse Levi Salomon, porta-voz do F\u00f3rum Judaico de Berlim para a Democracia e Contra o Anti-Semitismo. &#8220;Este livro est\u00e1 fora da l\u00f3gica humana&#8221;.<\/p>\n<p>A publica\u00e7\u00e3o do livro \u00e9 particularmente controversa, porque ele vai ser impresso por um organismo financiado pelo Estado, ou seja, o contribuinte vai pagar a conta. Anteriormente todas as c\u00f3pias do Mein Kempf foram mantidas a sete chaves na Biblioteca Estadual da Baviera, com as permiss\u00f5es para v\u00ea-las serem dif\u00edceis de se obter.<\/p>\n<p>Apesar disso, o livro est\u00e1 amplamente dispon\u00edvel fora da Alemanha e foi usado como um livro did\u00e1tico\u00a0para uma ampla variedade de grupos fascistas desde o final da Segunda Guerra Mundial. Foi at\u00e9 mesmo produzido em forma de quadrinhos no Jap\u00e3o e \u00e9 popular entre os nacionalistas hindus na \u00cdndia.<\/p>\n<p>O Nazismo continua a ser um assunto muito delicado na Alemanha, com muitos sentindo uma sensa\u00e7\u00e3o permanente de vergonha sobre o passado do pa\u00eds. A maioria das cole\u00e7\u00f5es sobre o\u00a0nazismo \u00e9 ilegal na Alemanha, assim como a exibi\u00e7\u00e3o da su\u00e1stica.<\/p>\n<p>&nbsp;<\/p>\n<p>* Artigo traduzido por mim, link do original aqui: <a href=\"http:\/\/www.breitbart.com\/london\/2015\/02\/25\/mein-kampf-to-be-printed-in-germany-for-first-time-since-1945\/\" target=\"_blank\">MEIN KAMPF TO BE PRINTED IN GERMANY FOR FIRST TIME SINCE 1945<\/a><\/p>\n","protected":false},"excerpt":{"rendered":"<p>Meu Coment\u00e1rio:\u00a0Para quem tem dificuldade com o Ingl\u00eas, publiquei uma vers\u00e3o traduzida do artigo relacionado a essa decis\u00e3o absurda que, al\u00e9m de ser um enorme acinte, tamb\u00e9m possui um alto valor simb\u00f3lico sobre o momento em que vivemos no mundo, justamente nesta \u00e9poca em que v\u00e1rios sinais prof\u00e9ticos tem se intensificado. &nbsp; por Andre Walker, [&hellip;]<\/p>\n","protected":false},"author":2,"featured_media":0,"comment_status":"open","ping_status":"open","sticky":false,"template":"","format":"standard","meta":[],"categories":[71,39,19,18],"tags":[],"_links":{"self":[{"href":"https:\/\/dcvcorp.com.br\/index.php?rest_route=\/wp\/v2\/posts\/1265"}],"collection":[{"href":"https:\/\/dcvcorp.com.br\/index.php?rest_route=\/wp\/v2\/posts"}],"about":[{"href":"https:\/\/dcvcorp.com.br\/index.php?rest_route=\/wp\/v2\/types\/post"}],"author":[{"embeddable":true,"href":"https:\/\/dcvcorp.com.br\/index.php?rest_route=\/wp\/v2\/users\/2"}],"replies":[{"embeddable":true,"href":"https:\/\/dcvcorp.com.br\/index.php?rest_route=%2Fwp%2Fv2%2Fcomments&post=1265"}],"version-history":[{"count":7,"href":"https:\/\/dcvcorp.com.br\/index.php?rest_route=\/wp\/v2\/posts\/1265\/revisions"}],"predecessor-version":[{"id":1272,"href":"https:\/\/dcvcorp.com.br\/index.php?rest_route=\/wp\/v2\/posts\/1265\/revisions\/1272"}],"wp:attachment":[{"href":"https:\/\/dcvcorp.com.br\/index.php?rest_route=%2Fwp%2Fv2%2Fmedia&parent=1265"}],"wp:term":[{"taxonomy":"category","embeddable":true,"href":"https:\/\/dcvcorp.com.br\/index.php?rest_route=%2Fwp%2Fv2%2Fcategories&post=1265"},{"taxonomy":"post_tag","embeddable":true,"href":"https:\/\/dcvcorp.com.br\/index.php?rest_route=%2Fwp%2Fv2%2Ftags&post=1265"}],"curies":[{"name":"wp","href":"https:\/\/api.w.org\/{rel}","templated":true}]}}