{"id":1521,"date":"2015-06-23T09:53:04","date_gmt":"2015-06-23T12:53:04","guid":{"rendered":"http:\/\/dcvcorp.com.br\/?p=1521"},"modified":"2015-06-23T09:53:04","modified_gmt":"2015-06-23T12:53:04","slug":"os-numeros-da-divida-grega","status":"publish","type":"post","link":"https:\/\/dcvcorp.com.br\/?p=1521","title":{"rendered":"Os N\u00fameros da D\u00edvida Grega"},"content":{"rendered":"<blockquote>\n<div class=\"_5pbx userContent\" data-ft=\"{&quot;tn&quot;:&quot;K&quot;}\">\n<p>Os n\u00fameros s\u00e3o bem pesados, a d\u00edvida total \u00e9 de 312,7 bilh\u00f5es de Euros, lembrando que toda essa discuss\u00e3o neste m\u00eas foi acionada pelo vencimento em junho de 1,6 bilh\u00e3o de Euros, ou seja, 0,5% de toda a d\u00edvida.<\/p>\n<p>Em julho ir\u00e1 vencer 3,9 bilh\u00f5es de Euros e em agosto vence mais 3,2 bilh\u00e3o de Euros, somando julho e agosto, s\u00e3o 7,1 bilh\u00e3o de Euros, cerca de 2,2% do total da d\u00edvida. A coisa \u00e9 bem grande quando se olha o conjunto como um todo, por isso as negocia\u00e7\u00f5es est\u00e3o sendo t\u00e3o dif\u00edceis. Em n\u00fameros absolutos a d\u00edvida \u00e9 quase duas vezes o PIB da Gr\u00e9cia (175%), ou seja, \u00e9 praticamente impag\u00e1vel considerando as pol\u00edticas atuais da Gr\u00e9cia e os progn\u00f3sticos futuros. Por isso muitos acham que, mesmo que se consiga um acordo agora, o problema ainda ir\u00e1 assombrar o mundo num futuro pr\u00f3ximo.<\/p>\n<p>A renda per capita (nominal) na Gr\u00e9cia \u00e9 de pouco mais de 22 mil d\u00f3lares, acima dos brasileiros, que \u00e9 pouco superior aos 11 mil d\u00f3lares; em vista disso \u00e9 que se cogitam aumentos de impostos e cortes em benef\u00edcios como parte do acordo.<\/p>\n<p>&nbsp;<\/p>\n<\/div>\n<div>\n<div data-ft=\"{&quot;tn&quot;:&quot;H&quot;}\">\n<div class=\"mtm\">\n<div id=\"u_0_r\" class=\"_6m2 _1zpr clearfix _dcs _4_w4 _5cwb\" data-ft=\"{&quot;tn&quot;:&quot;H&quot;}\">\n<div class=\"clearfix _2r3x\">\n<div class=\"lfloat _ohe\">\n<div class=\"_6ks\" data-ft=\"{&quot;tn&quot;:&quot;F&quot;}\">\n<div id=\"u_0_s\">\n<div class=\"uiScaledImageContainer _6m5 fbStoryAttachmentImage\"><img loading=\"lazy\" class=\"scaledImageFitWidth img\" src=\"https:\/\/fbexternal-a.akamaihd.net\/safe_image.php?d=AQBM2vNNoz4FM38G&amp;w=158&amp;h=158&amp;url=http%3A%2F%2Fi.ytimg.com%2Fvi%2F_dFWAKFTL2E%2Fhqdefault.jpg&amp;cfs=1&amp;upscale=1\" alt=\"\" width=\"158\" height=\"158\" \/><\/div>\n<\/div>\n<\/div>\n<\/div>\n<div class=\"_42ef\">\n<div class=\"_3ekx\" data-ft=\"{&quot;tn&quot;:&quot;*J&quot;}\">\n<div class=\"_6m3\">\n<div class=\"mbs _6m6\"><a href=\"https:\/\/www.youtube.com\/watch?v=_dFWAKFTL2E\" target=\"_blank\" rel=\"nofollow\">Os n\u00fameros da d\u00edvida grega<\/a><\/div>\n<div class=\"_6m7\">Se dentro de uma semana n\u00e3o pagar 1,6 mil milh\u00f5es de euros ao Fundo Monet\u00e1rio Internacional (FMI), a Gr\u00e9cia entra em incumprimento, arriscando uma sa\u00edda do e&#8230;<\/div>\n<div class=\"_59tj\">\n<div class=\"_6lz _6mb ellipsis\">YOUTUBE.COM<\/div>\n<\/div>\n<\/div>\n<\/div>\n<\/div>\n<\/div>\n<\/div>\n<\/div>\n<\/div>\n<\/div>\n<div><\/div>\n<\/blockquote>\n<p>Fonte: <em><a href=\"https:\/\/www.facebook.com\/DioneiCleberVieira\/posts\/1091678710862137\">Dionei Vieira &#8211; Os n\u00fameros s\u00e3o bem pesados, a d\u00edvida total \u00e9 de&#8230;<\/a><\/em><\/p>\n","protected":false},"excerpt":{"rendered":"<p>Os n\u00fameros s\u00e3o bem pesados, a d\u00edvida total \u00e9 de 312,7 bilh\u00f5es de Euros, lembrando que toda essa discuss\u00e3o neste m\u00eas foi acionada pelo vencimento em junho de 1,6 bilh\u00e3o de Euros, ou seja, 0,5% de toda a d\u00edvida. Em julho ir\u00e1 vencer 3,9 bilh\u00f5es de Euros e em agosto vence mais 3,2 bilh\u00e3o de [&hellip;]<\/p>\n","protected":false},"author":2,"featured_media":0,"comment_status":"open","ping_status":"open","sticky":false,"template":"","format":"standard","meta":[],"categories":[32,19],"tags":[],"_links":{"self":[{"href":"https:\/\/dcvcorp.com.br\/index.php?rest_route=\/wp\/v2\/posts\/1521"}],"collection":[{"href":"https:\/\/dcvcorp.com.br\/index.php?rest_route=\/wp\/v2\/posts"}],"about":[{"href":"https:\/\/dcvcorp.com.br\/index.php?rest_route=\/wp\/v2\/types\/post"}],"author":[{"embeddable":true,"href":"https:\/\/dcvcorp.com.br\/index.php?rest_route=\/wp\/v2\/users\/2"}],"replies":[{"embeddable":true,"href":"https:\/\/dcvcorp.com.br\/index.php?rest_route=%2Fwp%2Fv2%2Fcomments&post=1521"}],"version-history":[{"count":1,"href":"https:\/\/dcvcorp.com.br\/index.php?rest_route=\/wp\/v2\/posts\/1521\/revisions"}],"predecessor-version":[{"id":1522,"href":"https:\/\/dcvcorp.com.br\/index.php?rest_route=\/wp\/v2\/posts\/1521\/revisions\/1522"}],"wp:attachment":[{"href":"https:\/\/dcvcorp.com.br\/index.php?rest_route=%2Fwp%2Fv2%2Fmedia&parent=1521"}],"wp:term":[{"taxonomy":"category","embeddable":true,"href":"https:\/\/dcvcorp.com.br\/index.php?rest_route=%2Fwp%2Fv2%2Fcategories&post=1521"},{"taxonomy":"post_tag","embeddable":true,"href":"https:\/\/dcvcorp.com.br\/index.php?rest_route=%2Fwp%2Fv2%2Ftags&post=1521"}],"curies":[{"name":"wp","href":"https:\/\/api.w.org\/{rel}","templated":true}]}}