{"id":1557,"date":"2015-06-25T19:22:08","date_gmt":"2015-06-25T22:22:08","guid":{"rendered":"http:\/\/dcvcorp.com.br\/?p=1557"},"modified":"2015-06-25T19:23:36","modified_gmt":"2015-06-25T22:23:36","slug":"dionei-vieira-nesse-ritmo-2015-sera-um-ano-de-numeros-unicos-em","status":"publish","type":"post","link":"https:\/\/dcvcorp.com.br\/?p=1557","title":{"rendered":"N\u00famero De Pris\u00f5es De Terroristas Nos EUA Em 2015 J\u00e1 Ultrapassa As De 2014\/2013 Combinadas"},"content":{"rendered":"<blockquote>\n<div class=\"_5pbx userContent\" data-ft=\"{&quot;tn&quot;:&quot;K&quot;}\">\n<p>Nesse ritmo 2015 ser\u00e1 um ano de n\u00fameros \u00fanicos em rela\u00e7\u00e3o a esse tema nos EUA. Segue trecho do artigo traduzido:<br \/>\n&#8212;&#8212;&#8212;&#8212;&#8212;&#8212;&#8212;&#8212;&#8212;&#8212;&#8212;&#8212;&#8212;&#8212;&#8212;&#8212;&#8212;&#8212;&#8212;&#8212;&#8212;&#8212;&#8212;&#8212;&#8212;&#8212;&#8212;&#8212;&#8212;&#8212;&#8212;&#8212;<br \/>\nNo m\u00eas passado eu relatei aqui exclusivamente no PJ m\u00eddia sobre o n\u00famero rapidamente crescente de deten\u00e7\u00f5es relacionadas aos terroristas isl\u00e2micos neste ano, observando que est\u00e1vamos a caminho de superar o n\u00famero de deten\u00e7\u00f5es feitas em 2013 e 2014 combinadas (48) antes do meio do ano na pr\u00f3xima semana.<\/p>\n<p>Na verdade, \u00e9 exatamente isso o que aconteceu. Atualmente, 53 suspeitos foram presos ou envolvidos em incidentes relacionados com terroristas isl\u00e2micos com a aplica\u00e7\u00e3o da lei desde o in\u00edcio do ano.<\/p>\n<p>Essa \u00e9 a raz\u00e3o principal, entre outras raz\u00f5es, pelas quais Devin Nunes, presidente do Comit\u00ea de Intelig\u00eancia da C\u00e2mara, disse h\u00e1 apenas alguns dias, que este \u00e9 &#8220;o mais alto n\u00edvel de amea\u00e7a que j\u00e1 enfrentamos neste pa\u00eds\u201d.<\/p>\n<p>Mais dados no artigo compartilhado abaixo &#8230;<\/p>\n<p>&nbsp;<\/p>\n<\/div>\n<div>\n<div data-ft=\"{&quot;tn&quot;:&quot;H&quot;}\">\n<div class=\"mtm\">\n<div id=\"u_0_7\" class=\"_6m2 _1zpr clearfix _dcs _4_w4 _59ap\" data-ft=\"{&quot;tn&quot;:&quot;H&quot;}\">\n<div class=\"clearfix _2r3x\">\n<div class=\"lfloat _ohe\">\n<div class=\"_6ks\">\n<div class=\"_6l- __c_\">\n<div class=\"uiScaledImageContainer _6m5 fbStoryAttachmentImage\"><img loading=\"lazy\" class=\"scaledImageFitWidth img\" src=\"https:\/\/fbexternal-a.akamaihd.net\/safe_image.php?d=AQB1C93JXSF8hjti&amp;w=470&amp;h=246&amp;url=http%3A%2F%2Fpjmedia-new.pjmedia.netdna-cdn.com%2Ftatler%2Fuser-content%2F31%2Ffiles%2F2015%2F06%2Fisis_enslaving_unbelieving_women_and_girls_and_having_sex_with_them.jpg&amp;cfs=1&amp;upscale=1&amp;sx=0&amp;sy=37&amp;sw=1200&amp;sh=628\" alt=\"\" width=\"470\" height=\"246\" \/><\/div>\n<\/div>\n<\/div>\n<div class=\"_3ekx\">\n<div class=\"_6m3\">\n<div class=\"mbs _6m6\"><a href=\"http:\/\/l.facebook.com\/l.php?u=http%3A%2F%2Fpjmedia.com%2Ftatler%2F2015%2F06%2F25%2Fnumber-of-islamic-terror-related-arrests-in-2015-surpass-previous-two-years-combined%2F&amp;h=tAQHP0GN6&amp;s=1\" target=\"_blank\" rel=\"nofollow\">N\u00famero de Pris\u00f5es de Terroristas nos EUA em 2015 j\u00e1 Ultrapassa as de 2014\/2013 Combinadas &#8211; Ingl\u00eas<\/a><\/div>\n<div class=\"_6m7\">Last month I reported here exclusively at PJ Media on the rapidly escalating number of Islamic terror-related arrests this year, noting that we were on pace to&#8230;<\/div>\n<div class=\"_59tj\">\n<div class=\"_6lz _6mb ellipsis\">PJMEDIA.COM<\/div>\n<div class=\"_6lz _6mb ellipsis\"><\/div>\n<\/div>\n<\/div>\n<\/div>\n<\/div>\n<\/div>\n<\/div>\n<\/div>\n<\/div>\n<\/div>\n<\/blockquote>\n<p>Fonte: <em><a href=\"https:\/\/www.facebook.com\/DioneiCleberVieira\/posts\/1093657510664257\" target=\"_blank\">Dionei Vieira &#8211; Nesse ritmo 2015 ser\u00e1 um ano de n\u00fameros \u00fanicos em&#8230;<\/a><\/em><\/p>\n","protected":false},"excerpt":{"rendered":"<p>Nesse ritmo 2015 ser\u00e1 um ano de n\u00fameros \u00fanicos em rela\u00e7\u00e3o a esse tema nos EUA. Segue trecho do artigo traduzido: &#8212;&#8212;&#8212;&#8212;&#8212;&#8212;&#8212;&#8212;&#8212;&#8212;&#8212;&#8212;&#8212;&#8212;&#8212;&#8212;&#8212;&#8212;&#8212;&#8212;&#8212;&#8212;&#8212;&#8212;&#8212;&#8212;&#8212;&#8212;&#8212;&#8212;&#8212;&#8212; No m\u00eas passado eu relatei aqui exclusivamente no PJ m\u00eddia sobre o n\u00famero rapidamente crescente de deten\u00e7\u00f5es relacionadas aos terroristas isl\u00e2micos neste ano, observando que est\u00e1vamos a caminho de superar o n\u00famero de [&hellip;]<\/p>\n","protected":false},"author":2,"featured_media":0,"comment_status":"open","ping_status":"open","sticky":false,"template":"","format":"standard","meta":[],"categories":[43,39,19,18,69],"tags":[],"_links":{"self":[{"href":"https:\/\/dcvcorp.com.br\/index.php?rest_route=\/wp\/v2\/posts\/1557"}],"collection":[{"href":"https:\/\/dcvcorp.com.br\/index.php?rest_route=\/wp\/v2\/posts"}],"about":[{"href":"https:\/\/dcvcorp.com.br\/index.php?rest_route=\/wp\/v2\/types\/post"}],"author":[{"embeddable":true,"href":"https:\/\/dcvcorp.com.br\/index.php?rest_route=\/wp\/v2\/users\/2"}],"replies":[{"embeddable":true,"href":"https:\/\/dcvcorp.com.br\/index.php?rest_route=%2Fwp%2Fv2%2Fcomments&post=1557"}],"version-history":[{"count":3,"href":"https:\/\/dcvcorp.com.br\/index.php?rest_route=\/wp\/v2\/posts\/1557\/revisions"}],"predecessor-version":[{"id":1560,"href":"https:\/\/dcvcorp.com.br\/index.php?rest_route=\/wp\/v2\/posts\/1557\/revisions\/1560"}],"wp:attachment":[{"href":"https:\/\/dcvcorp.com.br\/index.php?rest_route=%2Fwp%2Fv2%2Fmedia&parent=1557"}],"wp:term":[{"taxonomy":"category","embeddable":true,"href":"https:\/\/dcvcorp.com.br\/index.php?rest_route=%2Fwp%2Fv2%2Fcategories&post=1557"},{"taxonomy":"post_tag","embeddable":true,"href":"https:\/\/dcvcorp.com.br\/index.php?rest_route=%2Fwp%2Fv2%2Ftags&post=1557"}],"curies":[{"name":"wp","href":"https:\/\/api.w.org\/{rel}","templated":true}]}}