{"id":1593,"date":"2015-06-28T12:16:22","date_gmt":"2015-06-28T15:16:22","guid":{"rendered":"http:\/\/dcvcorp.com.br\/?p=1593"},"modified":"2015-06-28T12:16:22","modified_gmt":"2015-06-28T15:16:22","slug":"o-brasil-vive-um-momento-critico","status":"publish","type":"post","link":"https:\/\/dcvcorp.com.br\/?p=1593","title":{"rendered":"O Brasil Vive Um Momento Cr\u00edtico"},"content":{"rendered":"<blockquote>\n<div class=\"_5pbx userContent\" data-ft=\"{&quot;tn&quot;:&quot;K&quot;}\">\n<p>Abaixo eu compartilho o link da entrevista de Arm\u00ednio Fraga feita \u00e0 Folha e sou obrigado a dizer que, infelizmente, para o Brasil, ele tem raz\u00e3o quando diz isso \u2026 o que temos visto at\u00e9 aqui ainda \u00e9 uma brisa leve comparado com o que pode estar mais a frente \u2026<\/p>\n<p>Al\u00e9m dos problemas internos, que s\u00e3o muitos e s\u00e9rios, estamos completamente expostos a qualquer abalo econ\u00f4mico externo, n\u00e3o h\u00e1 gordura para queimar, o pa\u00eds n\u00e3o tem muros econ\u00f4micos contra tsunamis financeiros externos, os quais correm cada vez mais o risco de acontecerem e, quando ocorrer, poder\u00e1 arrasar boa parte do que ainda estiver de p\u00e9.<\/p>\n<p>Eu percebo que muitas pessoas, em sua \u00e2nsia de buscarem serem otimistas ou positivas, acabam na verdade errando por negarem a realidade e n\u00e3o avaliarem adequadamente o que est\u00e1 ocorrendo e, quando voc\u00ea toma decis\u00f5es, mesmo que buscando ser otimista e\/ou positivo, mas que est\u00e1 se baseando em informa\u00e7\u00f5es err\u00f4neas, irreais ou em fatos subestimados e resultados superestimados, os riscos de acabar tendo um insucesso \u00e9 enorme, o que ir\u00e1 agravar ainda mais a situa\u00e7\u00e3o.<\/p>\n<p>Isso \u00e9 o que vejo acontecendo muito hoje, o medo das pessoas de que ao assumir que a situa\u00e7\u00e3o \u00e9 ruim \u00e9 como se voc\u00ea desse algum \u201cpoder\u201d para que isso tome conta de voc\u00ea ou que voc\u00ea est\u00e1 sendo \u201cpessimista\u201d, o que n\u00e3o \u00e9 verdade, pois assumir que uma situa\u00e7\u00e3o est\u00e1 ruim n\u00e3o significa pessimismo, mas achar que nunca sair\u00e1 dela, isso sim \u00e9 pessimismo.<\/p>\n<p>Sendo assim, as pessoas hoje est\u00e3o negando a realidade do que est\u00e1 acontecendo agora e do que est\u00e1 \u00e0 sua frente, querendo dar-lhe um outro nome achando que apenas mudando o seu nome ou a imagem do que veem acontecendo, ir\u00e3o acabar tamb\u00e9m por mudar a pr\u00f3pria realidade em si \u2026 loucura, s\u00e3o as a\u00e7\u00f5es e as suas consequ\u00eancias que mudam as realidades e, para serem a\u00e7\u00f5es adequadas, uma avalia\u00e7\u00e3o correta da realidade \u00e9 requerida, fantasias dificilmente ser\u00e3o \u00fateis para se usar como base de decis\u00f5es.<\/p>\n<p>Entenda e aceite, o momento \u00e9 ruim &#8230; ponto, mas o que faremos daqui para a frente, tanto individualmente quanto coletivamente, \u00e9 o que ir\u00e1 definir como ser\u00e1 o futuro, mas at\u00e9 aqui, o coletivo tem tomado p\u00e9ssimas decis\u00f5es, o presente que vivemos hoje e os seus resultados vistos e sentidos agora, \u00e9 o produto das decis\u00f5es ruins que j\u00e1 foram tomadas no passado recente.<\/p>\n<p>Sou muito cr\u00edtico dessa vis\u00e3o do otimismo\/positivismo exacerbado, pois em minha opini\u00e3o, a distor\u00e7\u00e3o da realidade que essa vis\u00e3o causa, em situa\u00e7\u00f5es graves como a atual, acaba mais por prestar um desservi\u00e7o do que favorecer a uma solu\u00e7\u00e3o, pois subestima os fatos e superestima os resultados, a f\u00f3rmula ideal para o fracasso e, em situa\u00e7\u00f5es como as de hoje, qualquer insucesso apenas torna mais grave o que j\u00e1 \u00e9 ruim em si.<br \/>\n&#8212;&#8212;&#8212;&#8212;&#8212;&#8212;&#8212;&#8212;&#8212;&#8212;&#8212;&#8212;&#8212;&#8212;&#8212;&#8212;&#8212;&#8212;&#8212;&#8212;&#8212;&#8212;&#8212;&#8212;&#8212;&#8212;&#8212;&#8212;&#8212;&#8212;&#8212;<br \/>\nSe o pa\u00eds se arrepender de seus caminhos e se voltar para o SENHOR, haver\u00e1 esperan\u00e7as, mas n\u00e3o \u00e9 esse o movimento que vemos, muito pelo contr\u00e1rio. Mas se o pa\u00eds n\u00e3o toma essa atitude, fa\u00e7a-o voc\u00ea!<\/p>\n<p>&#8220;Buscai o SENHOR enquanto se pode achar, invocai-o enquanto est\u00e1 perto. Deixe o perverso o seu caminho, o in\u00edquo, os seus pensamentos; converta-se ao SENHOR, que se compadecer\u00e1 dele, e volte-se para o nosso Deus, porque \u00e9 rico em perdoar\u201d. (Isa\u00edas 55:6-7)<\/p>\n<p>&nbsp;<\/p>\n<\/div>\n<div>\n<div data-ft=\"{&quot;tn&quot;:&quot;H&quot;}\">\n<div class=\"mtm\">\n<div id=\"u_0_r\" class=\"_6m2 _1zpr clearfix _dcs _4_w4 _59ap\" data-ft=\"{&quot;tn&quot;:&quot;H&quot;}\">\n<div class=\"clearfix _2r3x\">\n<div class=\"lfloat _ohe\">\n<div class=\"_6ks\">\n<div class=\"_6l- __c_\">\n<div class=\"uiScaledImageContainer _6m5 fbStoryAttachmentImage\"><img loading=\"lazy\" class=\"scaledImageFitWidth img\" src=\"https:\/\/fbexternal-a.akamaihd.net\/safe_image.php?d=AQADOaNAstbQ8fkI&amp;w=470&amp;h=246&amp;url=http%3A%2F%2Ff.i.uol.com.br%2Ffolha%2Fmercado%2Fimages%2F15177863.jpeg&amp;cfs=1&amp;upscale=1&amp;sx=0&amp;sy=0&amp;sw=635&amp;sh=332\" alt=\"\" width=\"470\" height=\"246\" \/><\/div>\n<\/div>\n<\/div>\n<div class=\"_3ekx\">\n<div class=\"_6m3\">\n<div class=\"mbs _6m6\"><a href=\"http:\/\/l.facebook.com\/l.php?u=http%3A%2F%2Fwww1.folha.uol.com.br%2Fmercado%2F2015%2F06%2F1648793-temos-um-pais-que-esta-morrendo-de-medo-diz-arminio-fraga.shtml&amp;h=fAQGoTwNH&amp;s=1\" target=\"_blank\" rel=\"nofollow\">N\u00e3o chegamos ainda nem perto do fundo do po\u00e7o, diz Arm\u00ednio Fraga<\/a><\/div>\n<div class=\"_6m7\">Principal assessor econ\u00f4mico do candidato derrotado \u00e0 Presid\u00eancia A\u00e9cio Neves (PSDB), o economista Arm\u00ednio Fraga diz que hoje o Brasil est\u00e1 morrendo de&#8230;<\/div>\n<div class=\"_59tj\">\n<div class=\"_6lz _6mb ellipsis\">WWW1.FOLHA.UOL.COM.BR<\/div>\n<\/div>\n<\/div>\n<\/div>\n<\/div>\n<\/div>\n<\/div>\n<\/div>\n<\/div>\n<\/div>\n<\/blockquote>\n<p>Fonte: <em><a href=\"https:\/\/www.facebook.com\/DioneiCleberVieira\/posts\/1094986943864647\" target=\"_blank\">Dionei Vieira &#8211; Infelizmente, para o Brasil, ele tem raz\u00e3o quando&#8230;<\/a><\/em><\/p>\n","protected":false},"excerpt":{"rendered":"<p>Abaixo eu compartilho o link da entrevista de Arm\u00ednio Fraga feita \u00e0 Folha e sou obrigado a dizer que, infelizmente, para o Brasil, ele tem raz\u00e3o quando diz isso \u2026 o que temos visto at\u00e9 aqui ainda \u00e9 uma brisa leve comparado com o que pode estar mais a frente \u2026 Al\u00e9m dos problemas internos, [&hellip;]<\/p>\n","protected":false},"author":2,"featured_media":0,"comment_status":"open","ping_status":"open","sticky":false,"template":"","format":"standard","meta":[],"categories":[32,19,18],"tags":[],"_links":{"self":[{"href":"https:\/\/dcvcorp.com.br\/index.php?rest_route=\/wp\/v2\/posts\/1593"}],"collection":[{"href":"https:\/\/dcvcorp.com.br\/index.php?rest_route=\/wp\/v2\/posts"}],"about":[{"href":"https:\/\/dcvcorp.com.br\/index.php?rest_route=\/wp\/v2\/types\/post"}],"author":[{"embeddable":true,"href":"https:\/\/dcvcorp.com.br\/index.php?rest_route=\/wp\/v2\/users\/2"}],"replies":[{"embeddable":true,"href":"https:\/\/dcvcorp.com.br\/index.php?rest_route=%2Fwp%2Fv2%2Fcomments&post=1593"}],"version-history":[{"count":1,"href":"https:\/\/dcvcorp.com.br\/index.php?rest_route=\/wp\/v2\/posts\/1593\/revisions"}],"predecessor-version":[{"id":1594,"href":"https:\/\/dcvcorp.com.br\/index.php?rest_route=\/wp\/v2\/posts\/1593\/revisions\/1594"}],"wp:attachment":[{"href":"https:\/\/dcvcorp.com.br\/index.php?rest_route=%2Fwp%2Fv2%2Fmedia&parent=1593"}],"wp:term":[{"taxonomy":"category","embeddable":true,"href":"https:\/\/dcvcorp.com.br\/index.php?rest_route=%2Fwp%2Fv2%2Fcategories&post=1593"},{"taxonomy":"post_tag","embeddable":true,"href":"https:\/\/dcvcorp.com.br\/index.php?rest_route=%2Fwp%2Fv2%2Ftags&post=1593"}],"curies":[{"name":"wp","href":"https:\/\/api.w.org\/{rel}","templated":true}]}}