{"id":1601,"date":"2015-06-30T10:34:17","date_gmt":"2015-06-30T13:34:17","guid":{"rendered":"http:\/\/dcvcorp.com.br\/?p=1601"},"modified":"2015-06-30T12:35:21","modified_gmt":"2015-06-30T15:35:21","slug":"governador-de-porto-rico-diz-que-nao-tem-como-pagar-a-divida-publica-us-72-bilhoes","status":"publish","type":"post","link":"https:\/\/dcvcorp.com.br\/?p=1601","title":{"rendered":"Governador de Porto Rico diz que n\u00e3o tem como pagar a d\u00edvida p\u00fablica (US$ 72 bilh\u00f5es)"},"content":{"rendered":"<blockquote>\n<div class=\"_5pbx userContent\" data-ft=\"{&quot;tn&quot;:&quot;K&quot;}\">\n<p>Parece que o abismo econ\u00f4mico est\u00e1 sendo aberto e dele saem os monstros dos pesadelos que orbitam as mentes de analistas financeiros e economistas, mas que agora est\u00e3o vindo \u00e0 realidade. Dessa vez \u00e9 o Porto Rico que mostra o tamanho do seu buraco monet\u00e1rio \u2026<\/p>\n<p>Aqui um v\u00eddeo com coment\u00e1rio do economista Peter Schiff sobre o caso:\u00a0<a href=\"https:\/\/www.youtube.com\/watch?v=xVw1CWhitpw\" target=\"_blank\" rel=\"nofollow\">https:\/\/www.youtube.com\/watch?v=xVw1CWhitpw<\/a><\/p>\n<p>Segue trecho do artigo traduzido:<br \/>\n&#8212;&#8212;&#8212;&#8212;&#8212;&#8212;&#8212;&#8212;&#8212;&#8212;&#8212;&#8212;&#8212;&#8212;&#8212;&#8212;&#8212;&#8212;&#8212;&#8212;&#8212;&#8212;&#8212;&#8212;&#8212;&#8212;&#8212;&#8212;&#8212;&#8212;<br \/>\nSAN JUAN, Porto Rico (AP) &#8211; O governador alertou que Porto Rico n\u00e3o pode pagar a sua d\u00edvida p\u00fablica de 72 bilh\u00f5es de d\u00f3lares enquanto economistas internacionais divulgavam um relat\u00f3rio cr\u00edtico da economia da ilha nesta segunda-feira.<\/p>\n<p>A not\u00edcia do Gov. Alejandro Garcia Padilla entregou outra sacudida de que a ilha dos EUA est\u00e1 em recess\u00e3o, bem no momento em que o sistema financeiro mundial se preocupa com as suas finan\u00e7as devido ao colapso da Gr\u00e9cia.<\/p>\n<p>Garcia est\u00e1 agendado para ir ao ar em um discurso televisionado pr\u00e9-gravado nesta segunda-feira \u00e0 tarde, enquanto os legisladores continuam a debater um or\u00e7amento de 9,8 bilh\u00f5es de d\u00f3lares que apela para 674 milh\u00f5es de d\u00f3lares em cortes e deixa de lado 1,5 bilh\u00e3o para ajudar a pagar a d\u00edvida. O or\u00e7amento tem que ser aprovado nesta ter\u00e7a-feira.<\/p>\n<p>O governador espera adiar os pagamentos da d\u00edvida durante a negocia\u00e7\u00e3o com os credores, o porta-voz, Jesus Manuel Ortiz, disse na noite de domingo, que confirma os coment\u00e1rios feitos por Garcia que apareceram em uma reportagem do The New York Times que foi ao ar \u00e0 noite.<\/p>\n<p>&#8220;N\u00e3o h\u00e1 outra op\u00e7\u00e3o. Eu adoraria ter uma op\u00e7\u00e3o mais f\u00e1cil. Isto n\u00e3o \u00e9 pol\u00edtica, isto \u00e9 matem\u00e1tica&#8221;, Garcia \u00e9 citado como que dizendo isto ao Times.<\/p>\n<p>Os T\u00edtulos de Porto Rico foram populares com fundos m\u00fatuos dos EUA porque eles estavam isentos de impostos, mas a ang\u00fastia dos fundos de hedge e dos compradores da d\u00edvida come\u00e7ou ao comprar a d\u00edvida enquanto a economia da ilha piorou e o seu rating de cr\u00e9dito caiu.<\/p>\n<p>Os coment\u00e1rios de Garcia provavelmente n\u00e3o ter\u00e3o muito impacto sobre Wall Street, disse o economista Jos\u00e9 Villamil, um ex-consultor da ONU e CEO de uma empresa de consultoria econ\u00f4mica e de planejamento.<\/p>\n<p>&#8220;Os mercados est\u00e3o cientes de que Porto Rico est\u00e1 caminhando para uma dire\u00e7\u00e3o de uma reestrutura\u00e7\u00e3o ou de um calote&#8221;, disse o economista, acrescentando que uma reestrutura\u00e7\u00e3o volunt\u00e1ria dos detentores de b\u00f4nus pode ser a melhor op\u00e7\u00e3o.<\/p>\n<p>Mais detalhes no artigo compartilhado abaixo &#8230;<\/p>\n<p>&nbsp;<\/p>\n<\/div>\n<div>\n<div data-ft=\"{&quot;tn&quot;:&quot;H&quot;}\">\n<div class=\"mtm\">\n<div id=\"u_0_7\" class=\"_6m2 _1zpr clearfix _dcs _4_w4 _59ap\" data-ft=\"{&quot;tn&quot;:&quot;H&quot;}\">\n<div class=\"clearfix _2r3x\">\n<div class=\"lfloat _ohe\">\n<div class=\"_6ks\">\n<div class=\"_6l- __c_\">\n<div class=\"uiScaledImageContainer _6m5 fbStoryAttachmentImage\"><img loading=\"lazy\" class=\"scaledImageFitWidth img\" src=\"https:\/\/m.ak.fbcdn.net\/external.ak\/safe_image.php?d=AQBCHNfJ3jddMXhE&amp;w=470&amp;h=246&amp;url=http%3A%2F%2Fl2.yimg.com%2Fbt%2Fapi%2Fres%2F1.2%2F6y6AYYg1hxQS8SJnxeK_dQ--%2FYXBwaWQ9eW5ld3M7aWw9cGxhbmU7cT03NTt3PTYwMA--%2Fhttp%3A%2F%2Fglobalfinance.zenfs.com%2Fimages%2FUS_AHTTP_AP_HEADLINES_BUSINESS%2F01193742f877bb1c7a0f6a7067003e80_original.jpg&amp;cfs=1&amp;upscale=1&amp;sx=0&amp;sy=48&amp;sw=600&amp;sh=314\" alt=\"\" width=\"470\" height=\"246\" \/><\/div>\n<\/div>\n<\/div>\n<div class=\"_3ekx\">\n<div class=\"_6m3\">\n<div class=\"mbs _6m6\"><a href=\"http:\/\/l.facebook.com\/l.php?u=http%3A%2F%2Ffinance.yahoo.com%2Fnews%2Fpuerto-rico-governor-says-island-041908428.html&amp;h=wAQGWkrxO&amp;s=1\" target=\"_blank\" rel=\"nofollow\">Governador de Porto Rico diz que n\u00e3o tem como pagar a d\u00edvida p\u00fablica (US$ 72 bilh\u00f5es) -Artigo Ingl\u00eas<\/a><\/div>\n<div class=\"_6m7\">The governor is warning that Puerto Rico can&#8217;t pay its $72 billion public debt, delivering another jolt to the recession-gripped U.S. island as well as a world&#8230;<\/div>\n<div class=\"_59tj\">\n<div class=\"_6lz _6mb ellipsis\">FINANCE.YAHOO.COM<\/div>\n<\/div>\n<\/div>\n<\/div>\n<\/div>\n<div class=\"_42ef\"><\/div>\n<\/div>\n<\/div>\n<\/div>\n<\/div>\n<\/div>\n<div><\/div>\n<\/blockquote>\n<p>Fonte: <em><a href=\"https:\/\/www.facebook.com\/DioneiCleberVieira\/posts\/1096105580419450\" target=\"_blank\">(1) Dionei Vieira &#8211; Parece que o abismo econ\u00f4mico est\u00e1 sendo aberto e&#8230;<\/a><\/em><\/p>\n","protected":false},"excerpt":{"rendered":"<p>Parece que o abismo econ\u00f4mico est\u00e1 sendo aberto e dele saem os monstros dos pesadelos que orbitam as mentes de analistas financeiros e economistas, mas que agora est\u00e3o vindo \u00e0 realidade. Dessa vez \u00e9 o Porto Rico que mostra o tamanho do seu buraco monet\u00e1rio \u2026 Aqui um v\u00eddeo com coment\u00e1rio do economista Peter Schiff [&hellip;]<\/p>\n","protected":false},"author":2,"featured_media":0,"comment_status":"open","ping_status":"open","sticky":false,"template":"","format":"standard","meta":[],"categories":[32,19,18],"tags":[],"_links":{"self":[{"href":"https:\/\/dcvcorp.com.br\/index.php?rest_route=\/wp\/v2\/posts\/1601"}],"collection":[{"href":"https:\/\/dcvcorp.com.br\/index.php?rest_route=\/wp\/v2\/posts"}],"about":[{"href":"https:\/\/dcvcorp.com.br\/index.php?rest_route=\/wp\/v2\/types\/post"}],"author":[{"embeddable":true,"href":"https:\/\/dcvcorp.com.br\/index.php?rest_route=\/wp\/v2\/users\/2"}],"replies":[{"embeddable":true,"href":"https:\/\/dcvcorp.com.br\/index.php?rest_route=%2Fwp%2Fv2%2Fcomments&post=1601"}],"version-history":[{"count":1,"href":"https:\/\/dcvcorp.com.br\/index.php?rest_route=\/wp\/v2\/posts\/1601\/revisions"}],"predecessor-version":[{"id":1602,"href":"https:\/\/dcvcorp.com.br\/index.php?rest_route=\/wp\/v2\/posts\/1601\/revisions\/1602"}],"wp:attachment":[{"href":"https:\/\/dcvcorp.com.br\/index.php?rest_route=%2Fwp%2Fv2%2Fmedia&parent=1601"}],"wp:term":[{"taxonomy":"category","embeddable":true,"href":"https:\/\/dcvcorp.com.br\/index.php?rest_route=%2Fwp%2Fv2%2Fcategories&post=1601"},{"taxonomy":"post_tag","embeddable":true,"href":"https:\/\/dcvcorp.com.br\/index.php?rest_route=%2Fwp%2Fv2%2Ftags&post=1601"}],"curies":[{"name":"wp","href":"https:\/\/api.w.org\/{rel}","templated":true}]}}