{"id":1966,"date":"2015-09-05T09:42:16","date_gmt":"2015-09-05T12:42:16","guid":{"rendered":"http:\/\/dcvcorp.com.br\/?p=1966"},"modified":"2015-09-05T09:42:16","modified_gmt":"2015-09-05T12:42:16","slug":"putin-convida-khamenei-e-rouhani-para-moscou-para-abertura-da-grande-mesquita","status":"publish","type":"post","link":"https:\/\/dcvcorp.com.br\/?p=1966","title":{"rendered":"Putin convida Khamenei e Rouhani para Moscou para abertura da Grande Mesquita"},"content":{"rendered":"<blockquote>\n<div class=\"_1dwg\">\n<div class=\"_5pbx userContent\" data-ft=\"{&quot;tn&quot;:&quot;K&quot;}\">\n<p>E a esquerda mundial mant\u00e9m seus la\u00e7os com a for\u00e7a isl\u00e2mica \u2026 as for\u00e7as mundiais andam muito mais unidas do que imaginam as pessoas comuns \u2026<\/p>\n<p>Detalhe, a inaugura\u00e7\u00e3o \u00e9 em 23 de setembro \u2026 curioso \u2026<br \/>\n&#8212;&#8212;&#8212;&#8212;&#8212;&#8212;&#8212;&#8212;&#8212;&#8212;&#8212;&#8212;&#8212;&#8212;&#8212;&#8212;&#8212;&#8212;&#8212;&#8212;&#8212;&#8212;&#8212;&#8212;&#8212;&#8212;&#8212;&#8212;&#8212;&#8212;&#8212;&#8212;&#8212;-<br \/>\nAli Khamenei, o ditador teocr\u00e1tico do Ir\u00e3 e o presidente do Ir\u00e3, Hassan Rohani foram convidados para a R\u00fassia para participar da abertura da Grande Mesquita de Moscou.<\/p>\n<p>Os dois foram convidados gra\u00e7as ao chefe do Conselho de muftis da R\u00fassia, Rawil Gaynetdin, que estendeu o convite ao ministro da Cultura do Ir\u00e3, enquanto os dois se encontraram em Moscou na quinta-feira, de acordo com a Ag\u00eancia de Not\u00edcias Tasnim, estatal do Ir\u00e3.<\/p>\n<p>&#8220;Dado que a abertura da mesquita ser\u00e1 um grande acontecimento no mundo mu\u00e7ulmano, n\u00f3s estamos ansiosos para sediar Ayatollah Khamenei, como um grande l\u00edder isl\u00e2mico, e o presidente iraniano Hassan Rohani. N\u00f3s insistimos no convite&#8221;, disse Gaynetdin, de acordo com o relat\u00f3rio, que proclama que o lugar de culto isl\u00e2mico ser\u00e1 a &#8220;mesquita mais espa\u00e7osa\u201d em toda a R\u00fassia.<\/p>\n<p>A mesquita ter\u00e1 sua inaugura\u00e7\u00e3o em 23 de setembro para comemorar o feriado mu\u00e7ulmano de Eid al-Adha, afirma o relat\u00f3rio.<\/p>\n<p>O presidente russo, Vladimir Putin, estar\u00e1 presente, juntamente com muitos chefes de Estado estrangeiros. Duas semanas antes da inaugura\u00e7\u00e3o, a R\u00fassia ser\u00e1 a anfitri\u00e3 de um programa fora da mesquita em 7 de setembro chamado &#8220;Um Dia para o Ir\u00e3&#8221;, segundo o relat\u00f3rio.<\/p>\n<p>A R\u00fassia tem sido um forte defensor do acordo nuclear que foi recentemente atingido entre P5 + 1 das pot\u00eancias mundiais (EUA, Reino Unido, Fran\u00e7a, China, R\u00fassia, Alemanha) e Ir\u00e3. Moscou tem de continuar a defender a redu\u00e7\u00e3o das san\u00e7\u00f5es internacionais contra o Ir\u00e3 para que os dois estados possam negociar mais livremente.<\/p>\n<p>Os dois pa\u00edses continuam a discutir a venda de armas no valor de centenas de milh\u00f5es de d\u00f3lares. A R\u00fassia est\u00e1 definida para entregar \u00e0 Teer\u00e3 as suas sofisticadas baterias de m\u00edsseis de defesa a\u00e9rea S-300, que o Ir\u00e3 adquiriu por US$ 800 milh\u00f5es de d\u00f3lares.<\/p>\n<p>Se o l\u00edder iraniano aceitar o convite, isso pode n\u00e3o ser a primeira vez que Khamenei ter\u00e1 ido a R\u00fassia. Alguns suspeitam que Khamenei foi treinado pela KGB durante a pr\u00e9-Revolu\u00e7\u00e3o Isl\u00e2mica do Ir\u00e3 nesse per\u00edodo de tempo e pode ter assistido \u00e0 Universidade em Moscou durante a era sovi\u00e9tica.<\/p>\n<div class=\"\"><\/div>\n<\/div>\n<div>\n<div data-ft=\"{&quot;tn&quot;:&quot;H&quot;}\">\n<div class=\"mtm\">\n<div id=\"u_0_r\" class=\"_6m2 _1zpr clearfix _dcs _4_w4 _59ap\" data-ft=\"{&quot;tn&quot;:&quot;H&quot;}\">\n<div class=\"clearfix _2r3x\">\n<div class=\"lfloat _ohe\">\n<div class=\"_6ks\">\n<div class=\"_6l- __c_\">\n<div class=\"uiScaledImageContainer _6m5 fbStoryAttachmentImage\"><img loading=\"lazy\" class=\"scaledImageFitWidth img\" src=\"https:\/\/fbexternal-a.akamaihd.net\/safe_image.php?d=AQCp8dPQ7vyCv-tY&amp;w=470&amp;h=246&amp;url=http%3A%2F%2Fmedia.breitbart.com%2Fmedia%2F2015%2F09%2FFull-Moon-over-Russian-Mosque.jpg&amp;cfs=1&amp;upscale=1\" alt=\"\" width=\"470\" height=\"246\" \/><\/div>\n<\/div>\n<\/div>\n<div class=\"_3ekx\">\n<div class=\"_6m3\">\n<div class=\"mbs _6m6\"><a href=\"http:\/\/l.facebook.com\/l.php?u=http%3A%2F%2Fwww.breitbart.com%2Fnational-security%2F2015%2F09%2F04%2Fputin-invites-khamenei-rouhani-to-moscow-opening-of-grand-mosque%2F&amp;h=OAQGK2Ia_&amp;s=1\" target=\"_blank\" rel=\"nofollow\">Putin convida Khamenei e Rouhani para Moscou para abertura da Grande Mesquita &#8211; Artigo em Ingl\u00eas<\/a><\/div>\n<div class=\"_6m7\">Ali Khamenei, dictator of Iran, and President Hassan Rouhani have been invited to Russia to attend the opening of the Moscow Grand Mosque.<\/div>\n<div class=\"_59tj\">\n<div>\n<div class=\"_6lz _6mb ellipsis\">BREITBART.COM<\/div>\n<div class=\"_5tc6\"><\/div>\n<\/div>\n<\/div>\n<\/div>\n<\/div>\n<\/div>\n<div class=\"_42ef\"><\/div>\n<\/div>\n<\/div>\n<\/div>\n<\/div>\n<\/div>\n<\/div>\n<div><\/div>\n<\/blockquote>\n<p>Fonte: <em><a href=\"https:\/\/www.facebook.com\/DioneiCleberVieira\/posts\/1138893299474011\" target=\"_blank\">Dionei Vieira &#8211; E a esquerda mundial mant\u00e9m seus la\u00e7os com a for\u00e7a&#8230;<\/a><\/em><\/p>\n","protected":false},"excerpt":{"rendered":"<p>E a esquerda mundial mant\u00e9m seus la\u00e7os com a for\u00e7a isl\u00e2mica \u2026 as for\u00e7as mundiais andam muito mais unidas do que imaginam as pessoas comuns \u2026 Detalhe, a inaugura\u00e7\u00e3o \u00e9 em 23 de setembro \u2026 curioso \u2026 &#8212;&#8212;&#8212;&#8212;&#8212;&#8212;&#8212;&#8212;&#8212;&#8212;&#8212;&#8212;&#8212;&#8212;&#8212;&#8212;&#8212;&#8212;&#8212;&#8212;&#8212;&#8212;&#8212;&#8212;&#8212;&#8212;&#8212;&#8212;&#8212;&#8212;&#8212;&#8212;&#8212;- Ali Khamenei, o ditador teocr\u00e1tico do Ir\u00e3 e o presidente do Ir\u00e3, Hassan Rohani foram convidados para [&hellip;]<\/p>\n","protected":false},"author":2,"featured_media":0,"comment_status":"open","ping_status":"open","sticky":false,"template":"","format":"standard","meta":[],"categories":[21,43,19,20,69],"tags":[],"_links":{"self":[{"href":"https:\/\/dcvcorp.com.br\/index.php?rest_route=\/wp\/v2\/posts\/1966"}],"collection":[{"href":"https:\/\/dcvcorp.com.br\/index.php?rest_route=\/wp\/v2\/posts"}],"about":[{"href":"https:\/\/dcvcorp.com.br\/index.php?rest_route=\/wp\/v2\/types\/post"}],"author":[{"embeddable":true,"href":"https:\/\/dcvcorp.com.br\/index.php?rest_route=\/wp\/v2\/users\/2"}],"replies":[{"embeddable":true,"href":"https:\/\/dcvcorp.com.br\/index.php?rest_route=%2Fwp%2Fv2%2Fcomments&post=1966"}],"version-history":[{"count":1,"href":"https:\/\/dcvcorp.com.br\/index.php?rest_route=\/wp\/v2\/posts\/1966\/revisions"}],"predecessor-version":[{"id":1967,"href":"https:\/\/dcvcorp.com.br\/index.php?rest_route=\/wp\/v2\/posts\/1966\/revisions\/1967"}],"wp:attachment":[{"href":"https:\/\/dcvcorp.com.br\/index.php?rest_route=%2Fwp%2Fv2%2Fmedia&parent=1966"}],"wp:term":[{"taxonomy":"category","embeddable":true,"href":"https:\/\/dcvcorp.com.br\/index.php?rest_route=%2Fwp%2Fv2%2Fcategories&post=1966"},{"taxonomy":"post_tag","embeddable":true,"href":"https:\/\/dcvcorp.com.br\/index.php?rest_route=%2Fwp%2Fv2%2Ftags&post=1966"}],"curies":[{"name":"wp","href":"https:\/\/api.w.org\/{rel}","templated":true}]}}