{"id":2284,"date":"2015-12-02T11:59:31","date_gmt":"2015-12-02T13:59:31","guid":{"rendered":"http:\/\/dcvcorp.com.br\/?p=2284"},"modified":"2015-12-02T11:59:31","modified_gmt":"2015-12-02T13:59:31","slug":"estado-islamico-afirma-que-enviou-agentes-adormecidos-para-a-europa-desde-2012","status":"publish","type":"post","link":"https:\/\/dcvcorp.com.br\/?p=2284","title":{"rendered":"Estado Isl\u00e2mico afirma que enviou agentes &#8220;adormecidos&#8221; para a Europa desde 2012"},"content":{"rendered":"<blockquote><p>O Estado Isl\u00e2mico afirma que enviou agentes \u201cadormecidos&#8221; altamente treinados para a Europa atrav\u00e9s da Turquia, posando como refugiados, j\u00e1 desde 2012. Um manifesto de 99 p\u00e1ginas publicado em janeiro, \u201cBlack Flags from Rome&#8221; (&#8220;Bandeiras Negras de Roma\u201d), tamb\u00e9m detalha o desejo do Estado Isl\u00e2mico (ISIS) em desencadear uma insurg\u00eancia isl\u00e2mica por toda a Europa usando mu\u00e7ulmanos das regi\u00f5es conheci<span class=\"text_exposed_show\">das como \u201cNo-Go Zones&#8221;, como sendo bases de opera\u00e7\u00f5es.<br \/>\n<\/span><\/p><\/blockquote>\n<blockquote>\n<div id=\"fbPhotoPageHeader\" class=\"pvm\">\n<div class=\"clearfix\">\n<div class=\"lfloat _ohe fsm fwn fcg\"><img id=\"fbPhotoImage\" class=\"fbPhotoImage img\" src=\"https:\/\/fbcdn-sphotos-f-a.akamaihd.net\/hphotos-ak-xtp1\/v\/t1.0-9\/s720x720\/12313903_1187244541305553_5628180662253252684_n.jpg?oh=858cbe248fdaae944cb348bc59f8cab8&amp;oe=56DB82BC&amp;__gda__=1461796761_f66f2e28e4e91aa0f852dc66e5f7c37e\" alt=\"\" \/><\/div>\n<\/div>\n<\/div>\n<div id=\"fbxPhotoContentContainer\" class=\"\">\n<table  class=\"uiGrid _51mz fbPhotoImageStage table table-hover\"  cellspacing=\"0\" cellpadding=\"0\">\n<tbody>\n<tr class=\"_51mx\">\n<td class=\"_51m- vMid hCent stageContainer _51mw\">\n<div id=\"photoborder\" class=\"stageWrapper\">\n<div class=\"videoStage\" data-ft=\"{&quot;tn&quot;:&quot;F&quot;}\"><\/div>\n<\/div>\n<\/td>\n<\/tr>\n<\/tbody>\n<\/table>\n<\/div>\n<p><span class=\"text_exposed_show\"><br \/>\nO manifesto de 99 p\u00e1ginas pode ser baixado aqui: <a href=\"https:\/\/ia802600.us.archive.org\/0\/items\/EbookBlackFlagsFromRome\/Ebook-blackFlags-from-rome.pdf\" target=\"_blank\" rel=\"nofollow nofollow\">https:\/\/<wbr \/>ia802600.us.archive.org\/0\/<wbr \/>items\/<wbr \/>EbookBlackFlagsFromRome\/<wbr \/>Ebook-blackFlags-from-rome.<wbr \/>pdf<\/a><\/p>\n<p>Como exemplo, o manifesto afirma que alguns refugiados s\u00edrios fugiram para a It\u00e1lia. &#8220;Sem d\u00favida, alguns destes refugiados eram combatentes secretos da Al-Qaeda e do Estado Isl\u00e2mico&#8221;, diz o manifesto. &#8220;Eles foram r\u00e1pidos para aproveitar a oportunidade de entrar em diferentes pa\u00edses da Europa (provavelmente desde 2012). Tudo isso estava acontecendo debaixo do nariz dos servi\u00e7os de intelig\u00eancia europeus cujo trabalho durante este tempo (2012) era apenas de evitar os mu\u00e7ulmanos europeus de entrarem na S\u00edria. (Isso mostra o qu\u00e3o r\u00e1pido os grupos isl\u00e2micos estavam em planejamento futuro. Anos antes de a Europa sequer saber para onde os seus cidad\u00e3os mu\u00e7ulmanos estavam indo &#8211; experientes combatentes isl\u00e2micos j\u00e1 haviam encontrado seguran\u00e7a na Europa)\u201d.<\/p>\n<p>Para mais dados, recomendo que leia este artigo: <a href=\"http:\/\/www.investigativeproject.org\/5052\/islamic-state-manifesto-sleeper-cells-sent-to\" target=\"_blank\" rel=\"nofollow nofollow\">http:\/\/<wbr \/>www.investigativeproject.or<wbr \/>g\/5052\/<wbr \/>islamic-state-manifesto-sle<wbr \/>eper-cells-sent-to<\/a><\/span><\/p><\/blockquote>\n<p>Fonte: <em><a href=\"https:\/\/www.facebook.com\/photo.php?fbid=1187244541305553&amp;set=a.874784435884900.1073741827.100000600541195&amp;type=3\" target=\"_blank\">Dionei Vieira &#8211; Fotos da Linha do Tempo<\/a><\/em><\/p>\n","protected":false},"excerpt":{"rendered":"<p>O Estado Isl\u00e2mico afirma que enviou agentes \u201cadormecidos&#8221; altamente treinados para a Europa atrav\u00e9s da Turquia, posando como refugiados, j\u00e1 desde 2012. Um manifesto de 99 p\u00e1ginas publicado em janeiro, \u201cBlack Flags from Rome&#8221; (&#8220;Bandeiras Negras de Roma\u201d), tamb\u00e9m detalha o desejo do Estado Isl\u00e2mico (ISIS) em desencadear uma insurg\u00eancia isl\u00e2mica por toda a Europa [&hellip;]<\/p>\n","protected":false},"author":2,"featured_media":0,"comment_status":"open","ping_status":"open","sticky":false,"template":"","format":"standard","meta":[],"categories":[71,43,39,19,18,69],"tags":[],"_links":{"self":[{"href":"https:\/\/dcvcorp.com.br\/index.php?rest_route=\/wp\/v2\/posts\/2284"}],"collection":[{"href":"https:\/\/dcvcorp.com.br\/index.php?rest_route=\/wp\/v2\/posts"}],"about":[{"href":"https:\/\/dcvcorp.com.br\/index.php?rest_route=\/wp\/v2\/types\/post"}],"author":[{"embeddable":true,"href":"https:\/\/dcvcorp.com.br\/index.php?rest_route=\/wp\/v2\/users\/2"}],"replies":[{"embeddable":true,"href":"https:\/\/dcvcorp.com.br\/index.php?rest_route=%2Fwp%2Fv2%2Fcomments&post=2284"}],"version-history":[{"count":1,"href":"https:\/\/dcvcorp.com.br\/index.php?rest_route=\/wp\/v2\/posts\/2284\/revisions"}],"predecessor-version":[{"id":2285,"href":"https:\/\/dcvcorp.com.br\/index.php?rest_route=\/wp\/v2\/posts\/2284\/revisions\/2285"}],"wp:attachment":[{"href":"https:\/\/dcvcorp.com.br\/index.php?rest_route=%2Fwp%2Fv2%2Fmedia&parent=2284"}],"wp:term":[{"taxonomy":"category","embeddable":true,"href":"https:\/\/dcvcorp.com.br\/index.php?rest_route=%2Fwp%2Fv2%2Fcategories&post=2284"},{"taxonomy":"post_tag","embeddable":true,"href":"https:\/\/dcvcorp.com.br\/index.php?rest_route=%2Fwp%2Fv2%2Ftags&post=2284"}],"curies":[{"name":"wp","href":"https:\/\/api.w.org\/{rel}","templated":true}]}}