{"id":2286,"date":"2015-12-02T12:03:10","date_gmt":"2015-12-02T14:03:10","guid":{"rendered":"http:\/\/dcvcorp.com.br\/?p=2286"},"modified":"2015-12-02T12:03:10","modified_gmt":"2015-12-02T14:03:10","slug":"relatorios-do-governo-americano-evidenciam-as-politicas-para-futura-perseguicao-de-grupos-denominados-de-extrema-direita","status":"publish","type":"post","link":"https:\/\/dcvcorp.com.br\/?p=2286","title":{"rendered":"Relat\u00f3rios do Governo Americano Evidenciam as Pol\u00edticas para Futura Persegui\u00e7\u00e3o de Grupos Denominados de &#8220;Extrema Direita&#8221;"},"content":{"rendered":"<blockquote>\n<div class=\"_1dwg\">\n<div id=\"js_2\" class=\"_5pbx userContent\" data-ft=\"{&quot;tn&quot;:&quot;K&quot;}\">\n<p>O Departamento de Seguran\u00e7a Interna (DHS) dos EUA publicou em 2009 um relat\u00f3rio intitulado &#8220;Extremismo de direita: Economia e Clima Pol\u00edtico Atual Alimenta o Ressurgimento da Radicaliza\u00e7\u00e3o e do Recrutamento\u201d. O relat\u00f3rio (vide primeira imagem) pode ser lido na \u00edntegra atrav\u00e9s deste link:\u00a0<a href=\"http:\/\/fas.org\/irp\/eprint\/rightwing.pdf\" target=\"_blank\" rel=\"nofollow\">http:\/\/fas.org\/irp\/eprint\/rightwing.pdf<\/a>.<\/p>\n<p>O relat\u00f3rio afirma que a cren\u00e7a na &#8220;profecia b\u00edblica poderia motivar os indiv\u00edduos e grupos extremistas para estocarem alimentos, muni\u00e7\u00f5es e armas\u201d. Entre outras coisas, aqui est\u00e3o alguns dos principais destaques do relat\u00f3rio com os quais o DHS estava extremamente preocupado:<\/p>\n<p>&#8211; &#8220;Extremistas de direita&#8221;<br \/>\n&#8211; &#8220;Veteranos&#8221;<br \/>\n&#8211; Aqueles preocupados com a &#8220;imigra\u00e7\u00e3o ilegal&#8221;<br \/>\n&#8211; Aqueles que &#8220;acreditam no direito de portar armas&#8221;<br \/>\n&#8211; &#8220;Medo de regimes comunistas e teorias de conspira\u00e7\u00e3o relacionadas&#8221;<\/p>\n<p>Finalmente, em 2015, o FBI lan\u00e7ou seu mais recente Boletim de Intelig\u00eancia advertindo que \u201cMil\u00edcia de Extremistas Expandiram seu Alvo para Incluir os Mu\u00e7ulmanos&#8221;. O relat\u00f3rio (vide segunda imagem) pode ser lido aqui neste link: <a href=\"https:\/\/www.facebook.com\/l.php?u=https%3A%2F%2Finfo.publicintelligence.net%2FFBI-MilitiaTargetingMuslims.pdf&amp;h=IAQGohkEnAQEpTzV6Gz5kK5FYjcByQCKVT1WEzDVZ4kdIbg&amp;enc=AZN0jHrU5dFWJTlhNZSt6GrnILwNxp9Z0eToBjLUPatpk6zSsdJ4TsF1cqAY20BdbO1rz-S4L00z0ko_j-xHJ9N6dch610zOsL3jJXmuwVGZ37vAlJgWdbCf0PBtd-GUsK2lot7otsuyrzrwjB6DbLRxj365BxMnBujt8BErhJ8k66GTtldT7KMRmSn3LI2_yb-pr0cDAhUGsshHKHG2EY5E&amp;s=1\" target=\"_blank\" rel=\"nofollow\">https:\/\/info.publicintelligence.net\/FBI-MilitiaTargetingMus\u2026<\/a><\/p>\n<p>Aqui est\u00e3o alguns destaques principais deste relat\u00f3rio de 2015:<\/p>\n<p>&#8220;O FBI avalia que o interesse da mil\u00edcia extremista no Isl\u00e3 como um alvo \u00e9 um produto da ideologia que v\u00ea os mu\u00e7ulmanos coletivamente com desconfian\u00e7a. Percep\u00e7\u00f5es importantes dentro da mil\u00edcia extremista que contribuam para um vi\u00e9s anti-mu\u00e7ulmano incluem o seguinte: o Isl\u00e3 representa uma amea\u00e7a externa, equivalentes \u00e0s que emanam de imigra\u00e7\u00e3o ilegal ou o terrorismo internacional; o presidente dos Estados Unidos n\u00e3o s\u00f3 se solidariza com os extremistas isl\u00e2micos, mas dirige a pol\u00edtica do Governo para alinhar com seus objetivos.\u201d<br \/>\n&#8212;&#8212;&#8212;&#8212;&#8212;&#8212;&#8212;&#8212;&#8212;&#8212;&#8212;&#8212;&#8212;&#8212;&#8212;&#8212;&#8212;&#8212;&#8212;&#8212;&#8212;&#8212;&#8212;&#8212;&#8212;&#8212;&#8212;&#8212;&#8212;&#8212;&#8212;&#8212;&#8212;&#8211;<br \/>\nDepois as pessoas ainda se perguntam se os crist\u00e3os considerados \u201cfundamentalistas\u201d correm o risco de serem perseguidos num futuro pr\u00f3ximo dentro dos EUA devido \u00e0s suas cren\u00e7as \u2026 o que estes relat\u00f3rio lhe parecem dizer???<\/p>\n<div class=\"\"><\/div>\n<\/div>\n<div class=\"_3x-2\">\n<div data-ft=\"{&quot;tn&quot;:&quot;H&quot;}\">\n<div class=\"mtm\">\n<div class=\"_2a2q\">\n<div class=\"_46-h\"><img loading=\"lazy\" class=\"_46-i img\" src=\"https:\/\/fbcdn-photos-d-a.akamaihd.net\/hphotos-ak-xtp1\/v\/t1.0-0\/s280x280\/12308370_1187247841305223_5851422799800106094_n.jpg?oh=186f5406c320bbee9c805bb7be0420cb&amp;oe=56F3CBDE&amp;__gda__=1457646331_79488357a5de10999c987e068ca4c240\" alt=\"Foto de Dionei Vieira.\" width=\"237\" height=\"280\" \/><\/div>\n<div class=\"_46-h\"><\/div>\n<div class=\"_46-h\"><img loading=\"lazy\" class=\"_46-i img\" src=\"https:\/\/fbcdn-photos-e-a.akamaihd.net\/hphotos-ak-xta1\/v\/t1.0-0\/p240x240\/12289644_1187249691305038_6199432465791421696_n.jpg?oh=429668b7ebf6ee9351e6805facef1a94&amp;oe=56F0C7D6&amp;__gda__=1458324137_8300abebb4a3756b78d9e3911a6f3421\" alt=\"Foto de Dionei Vieira.\" width=\"295\" height=\"240\" \/><\/div>\n<\/div>\n<\/div>\n<\/div>\n<\/div>\n<\/div>\n<div><\/div>\n<\/blockquote>\n<p>Fonte: <em><a href=\"https:\/\/www.facebook.com\/DioneiCleberVieira\/posts\/1187250304638310\" target=\"_blank\">Dionei Vieira &#8211; O Departamento de Seguran\u00e7a Interna (DHS) dos EUA&#8230;<\/a><\/em><\/p>\n","protected":false},"excerpt":{"rendered":"<p>O Departamento de Seguran\u00e7a Interna (DHS) dos EUA publicou em 2009 um relat\u00f3rio intitulado &#8220;Extremismo de direita: Economia e Clima Pol\u00edtico Atual Alimenta o Ressurgimento da Radicaliza\u00e7\u00e3o e do Recrutamento\u201d. O relat\u00f3rio (vide primeira imagem) pode ser lido na \u00edntegra atrav\u00e9s deste link:\u00a0http:\/\/fas.org\/irp\/eprint\/rightwing.pdf. O relat\u00f3rio afirma que a cren\u00e7a na &#8220;profecia b\u00edblica poderia motivar os [&hellip;]<\/p>\n","protected":false},"author":2,"featured_media":0,"comment_status":"open","ping_status":"open","sticky":false,"template":"","format":"standard","meta":[],"categories":[39,19,18],"tags":[],"_links":{"self":[{"href":"https:\/\/dcvcorp.com.br\/index.php?rest_route=\/wp\/v2\/posts\/2286"}],"collection":[{"href":"https:\/\/dcvcorp.com.br\/index.php?rest_route=\/wp\/v2\/posts"}],"about":[{"href":"https:\/\/dcvcorp.com.br\/index.php?rest_route=\/wp\/v2\/types\/post"}],"author":[{"embeddable":true,"href":"https:\/\/dcvcorp.com.br\/index.php?rest_route=\/wp\/v2\/users\/2"}],"replies":[{"embeddable":true,"href":"https:\/\/dcvcorp.com.br\/index.php?rest_route=%2Fwp%2Fv2%2Fcomments&post=2286"}],"version-history":[{"count":1,"href":"https:\/\/dcvcorp.com.br\/index.php?rest_route=\/wp\/v2\/posts\/2286\/revisions"}],"predecessor-version":[{"id":2287,"href":"https:\/\/dcvcorp.com.br\/index.php?rest_route=\/wp\/v2\/posts\/2286\/revisions\/2287"}],"wp:attachment":[{"href":"https:\/\/dcvcorp.com.br\/index.php?rest_route=%2Fwp%2Fv2%2Fmedia&parent=2286"}],"wp:term":[{"taxonomy":"category","embeddable":true,"href":"https:\/\/dcvcorp.com.br\/index.php?rest_route=%2Fwp%2Fv2%2Fcategories&post=2286"},{"taxonomy":"post_tag","embeddable":true,"href":"https:\/\/dcvcorp.com.br\/index.php?rest_route=%2Fwp%2Fv2%2Ftags&post=2286"}],"curies":[{"name":"wp","href":"https:\/\/api.w.org\/{rel}","templated":true}]}}