{"id":2292,"date":"2015-12-06T03:26:30","date_gmt":"2015-12-06T05:26:30","guid":{"rendered":"http:\/\/dcvcorp.com.br\/?p=2292"},"modified":"2015-12-06T03:26:30","modified_gmt":"2015-12-06T05:26:30","slug":"uniao-europeia-considera-medidas-para-intervir-se-as-fronteiras-dos-paises-nao-forem-guardadas","status":"publish","type":"post","link":"https:\/\/dcvcorp.com.br\/?p=2292","title":{"rendered":"Uni\u00e3o Europ\u00e9ia considera medidas para intervir se as fronteiras dos pa\u00edses n\u00e3o forem guardadas"},"content":{"rendered":"<blockquote>\n<div class=\"_1dwg\">\n<div id=\"js_2\" class=\"_5pbx userContent\" data-ft=\"{&quot;tn&quot;:&quot;K&quot;}\">\n<p>A Uni\u00e3o Europ\u00e9ia come\u00e7a a mostrar o seu lado totalit\u00e1rio e intervencionista contra seus pr\u00f3prios pa\u00edses-membros (Estados-Membros), no caso o primeiro candidato a perder o controle de suas pr\u00f3prias fronteiras parece ser a Gr\u00e9cia &#8230;<\/p>\n<p>Segue trecho traduzido do artigo:<br \/>\n&#8212;&#8212;&#8212;&#8212;&#8212;&#8212;&#8212;&#8212;&#8212;&#8212;&#8212;&#8212;&#8212;&#8212;&#8212;&#8212;&#8212;&#8212;&#8212;&#8212;&#8212;&#8212;&#8212;&#8212;&#8212;&#8212;&#8212;&#8212;&#8212;&#8212;&#8212;&#8212;&#8212;-<br \/>\nA Uni\u00e3o Europeia est\u00e1 a considerar uma medida que daria um novo poder de controle de fronteira para a UE intervir e proteger uma fronteira externa de um Estado-Membro para proteger a zona de fronteiras abertas da \u00c1rea Schengen, segundo disseram funcion\u00e1rios e diplomatas da UE ontem em Bruxelas.<\/p>\n<p>Tal movimento poderia ser controverso. Ele pode ser bloqueado pelos Estados que n\u00e3o confiam em entregar o controle soberano de seu territ\u00f3rio. Mas a discuss\u00e3o reflete o temor de que o fracasso da Gr\u00e9cia para gerenciar uma inunda\u00e7\u00e3o de imigrantes da Turquia trouxe a abertura das fronteiras da \u00c1rea Schengen \u00e0 beira do colapso.<\/p>\n<p>O alem\u00e3o Thomas de Maizi\u00e8re, em Bruxelas, durante uma reuni\u00e3o de ministros do Interior da UE, disse que espera que a proposta do executivo da UE, para acontecer em 15 de dezembro, incluia a proposta dando a responsabilidade de controle da fronteira de um pa\u00eds n\u00e3o pertencente \u00e0 \u00c1rea Schengen para a Frontex, ag\u00eancia de fronteiras da UE, se um Estado-Membro n\u00e3o conseguir faz\u00ea-lo.<\/p>\n<p>&#8220;A Comiss\u00e3o deve apresentar uma proposta &#8230; que tem o objetivo de, quando um Estado nacional n\u00e3o est\u00e1 efetivamente cumprindo o seu dever de defender a fronteira externa, em seguida, isso pode ser tomado pela Frontex&#8221;, disse Maizi\u00e8re aos rep\u00f3rteres.<\/p>\n<p>Ele observou um impulso franco-alem\u00e3o para a Frontex, cujo papel \u00e9 em grande parte de coordenar as ag\u00eancias nas fronteiras nacionais, de ser complementada por um controle de fronteira europeu permanente e pela Guarda Costeira &#8211; uma medida da Comiss\u00e3o Europeia que confirmou que vai propor.<\/p>\n<p>A Gr\u00e9cia tem estado sob forte press\u00e3o dos Estados interessados sobre a \u00c1rea Schengen esta semana para aceitar as ofertas da UE de ajuda nas suas fronteiras.<\/p>\n<p>Diplomatas advertiram que Atenas pode encontrar-se efetivamente exclu\u00eddos da \u00c1rea Schengen, se deixasse de trabalhar com outros europeus para controlar a migra\u00e7\u00e3o.<\/p>\n<p>No in\u00edcio desta semana, a Gr\u00e9cia finalmente concordou em aceitar a ajuda da Frontex, evitando um confronto na reuni\u00e3o ministerial em Bruxelas.<\/p>\n<p>Diplomatas da UE disseram que as propostas para refor\u00e7ar a defesa das fronteiras externas da \u00c1rea Schengen iriam buscar saber se a UE deve contar com um convite do Estado em causa.<\/p>\n<p>&#8220;Uma op\u00e7\u00e3o poderia ser a n\u00e3o procura de aprova\u00e7\u00e3o do Estado-Membro para a implanta\u00e7\u00e3o do Frontex, mas ativ\u00e1-lo por maioria de votos entre todos os 28 membros&#8221;, disse um funcion\u00e1rio da UE.<\/p>\n<p>Nos termos do C\u00f3digo das Fronteiras da \u00c1rea Schengen, a Comiss\u00e3o pode agora recomendar que um Estado aceite ajuda de outros membros da UE para controlar as suas fronteiras. Mas ele n\u00e3o pode for\u00e7\u00e1-lo a aceitar a ajuda &#8211; algo que pode, em qualquer caso, n\u00e3o ser pratic\u00e1vel.<\/p>\n<p>O c\u00f3digo tamb\u00e9m d\u00e1 aos Estados o direito de impor controles sobre as fronteiras internas da \u00c1rea Schengen se as fronteiras externas s\u00e3o negligenciadas.<\/p>\n<p>Como a Gr\u00e9cia n\u00e3o tem fronteira terrestre com o resto da \u00c1rea Schengen, isso poderia significar ferries prestativos e voos provenientes da Gr\u00e9cia para serem submetidos ao controle de passaporte.<\/p>\n<p>Perguntado se uma for\u00e7a da UE deve exigir um convite ou se poderia ser imposta pelo bloco, o ministro do Interior sueco, Anders Ygeman, disse: &#8220;O controle de fronteira \u00e9 uma compet\u00eancia para os Estados membros, e \u00e9 dif\u00edcil dizer que h\u00e1 uma necessidade de impor que os Estados o fa\u00e7am pela for\u00e7a&#8221;.<\/p>\n<p>&#8220;Por outro lado&#8221;, disse ele, referindo-se a press\u00e3o desta semana na Gr\u00e9cia, &#8220;temos de salvaguardar as fronteiras da \u00c1rea Schengen, e o que temos visto \u00e9 que, se um pa\u00eds n\u00e3o \u00e9 capaz de proteger as suas pr\u00f3prias fronteiras, ele pode deixar de pertencer \u00e0 \u00c1rea Schengen ou aceitar a Frontex. N\u00e3o \u00e9 obrigat\u00f3rio, mas na pr\u00e1tica \u00e9 bastante obrigat\u00f3rio&#8221;.<\/p>\n<p>Os Ministros e a Comiss\u00e3o congratularam-se com a decis\u00e3o da Gr\u00e9cia de aceitar mais ajuda da Frontex.<\/p>\n<p>&#8220;A Gr\u00e9cia est\u00e1 finalmente assumindo a responsabilidade pela guarda da fronteira externa europ\u00e9ia&#8221;, disse o ministro do Interior austr\u00edaco Johanna Mikl-Leitner.<\/p>\n<p>Mais detalhes no artigo compartilhado \u2026<\/p>\n<div class=\"\"><\/div>\n<\/div>\n<div class=\"_3x-2\">\n<div data-ft=\"{&quot;tn&quot;:&quot;H&quot;}\">\n<div class=\"mtm\">\n<div id=\"u_0_t\" class=\"_6m2 _1zpr clearfix _dcs _4_w4 _59ap\" data-ft=\"{&quot;tn&quot;:&quot;H&quot;}\">\n<div class=\"clearfix _2r3x\">\n<div class=\"lfloat _ohe\">\n<div class=\"_6ks\">\n<div class=\"_6l- __c_\">\n<div class=\"uiScaledImageContainer _6m5 fbStoryAttachmentImage\"><img loading=\"lazy\" class=\"scaledImageFitWidth img\" src=\"https:\/\/fbexternal-a.akamaihd.net\/safe_image.php?d=AQCO9HucF8A9ADJJ&amp;w=470&amp;h=246&amp;url=http%3A%2F%2Fwww.independent.ie%2Fworld-news%2Feurope%2Farticle34260925.ece%2FALTERNATES%2Fh342%2F2015-12-05_wor_15161788_I1.JPG&amp;cfs=1&amp;upscale=1&amp;sx=0&amp;sy=18&amp;sw=514&amp;sh=269\" alt=\"\" width=\"470\" height=\"246\" \/><\/div>\n<\/div>\n<\/div>\n<div class=\"_3ekx\">\n<div class=\"_6m3\">\n<div class=\"mbs _6m6\"><a href=\"http:\/\/l.facebook.com\/l.php?u=http%3A%2F%2Fwww.independent.ie%2Fworld-news%2Feurope%2Feu-considers-measures-to-intervene-if-states-borders-are-not-guarded-34260926.html&amp;h=7AQEx0C7a&amp;enc=AZM7Rcf-OeKZWzVgcrp-WOYvcEVxkWhSNqq5-X1nrV_TwImT0qViaDjntUOtOroPgbWX06ibXhJlYifWpSzCSGaoRNYWcj7EDFDextYrtpPQUWVItci_wwpFlhmyrMiVNimZs2iu20FdQuj8xEqtAH5vKiFOKrZ1U1z9CLur0AgtEk83hrGq-0iUjn8Qip_qYDYhEGXwvN-d0TkXsidSrczi&amp;s=1\" target=\"_blank\" rel=\"nofollow\">UE considera medidas para intervir se as fronteiras dos pa\u00edses n\u00e3o s\u00e3o guardadas &#8211; Artigo em Ingl\u00eas<\/a><\/div>\n<div class=\"_6m7\">The European Union is considering a measure that would give a new EU border force powers to intervene and guard a member state&#8217;s external frontier to protect\u2026<\/div>\n<div class=\"_59tj\">\n<div>\n<div class=\"_6lz _6mb ellipsis\">INDEPENDENT.IE<\/div>\n<div class=\"_5tc6\"><\/div>\n<\/div>\n<\/div>\n<\/div>\n<\/div>\n<\/div>\n<div class=\"_42ef\"><\/div>\n<\/div>\n<\/div>\n<\/div>\n<\/div>\n<\/div>\n<\/div>\n<div><\/div>\n<p><span style=\"color: #404040; line-height: 1.6;\">Fonte: <\/span><em style=\"color: #404040; line-height: 1.6;\"><a href=\"https:\/\/www.facebook.com\/DioneiCleberVieira\/posts\/1189351184428222\" target=\"_blank\">Dionei Vieira &#8211; A Uni\u00e3o Europ\u00e9ia come\u00e7a a mostrar o seu lado&#8230;<\/a><\/em><\/p><\/blockquote>\n","protected":false},"excerpt":{"rendered":"<p>A Uni\u00e3o Europ\u00e9ia come\u00e7a a mostrar o seu lado totalit\u00e1rio e intervencionista contra seus pr\u00f3prios pa\u00edses-membros (Estados-Membros), no caso o primeiro candidato a perder o controle de suas pr\u00f3prias fronteiras parece ser a Gr\u00e9cia &#8230; Segue trecho traduzido do artigo: &#8212;&#8212;&#8212;&#8212;&#8212;&#8212;&#8212;&#8212;&#8212;&#8212;&#8212;&#8212;&#8212;&#8212;&#8212;&#8212;&#8212;&#8212;&#8212;&#8212;&#8212;&#8212;&#8212;&#8212;&#8212;&#8212;&#8212;&#8212;&#8212;&#8212;&#8212;&#8212;&#8212;- A Uni\u00e3o Europeia est\u00e1 a considerar uma medida que daria um novo poder de [&hellip;]<\/p>\n","protected":false},"author":2,"featured_media":0,"comment_status":"open","ping_status":"open","sticky":false,"template":"","format":"standard","meta":[],"categories":[39,19,20,18],"tags":[],"_links":{"self":[{"href":"https:\/\/dcvcorp.com.br\/index.php?rest_route=\/wp\/v2\/posts\/2292"}],"collection":[{"href":"https:\/\/dcvcorp.com.br\/index.php?rest_route=\/wp\/v2\/posts"}],"about":[{"href":"https:\/\/dcvcorp.com.br\/index.php?rest_route=\/wp\/v2\/types\/post"}],"author":[{"embeddable":true,"href":"https:\/\/dcvcorp.com.br\/index.php?rest_route=\/wp\/v2\/users\/2"}],"replies":[{"embeddable":true,"href":"https:\/\/dcvcorp.com.br\/index.php?rest_route=%2Fwp%2Fv2%2Fcomments&post=2292"}],"version-history":[{"count":1,"href":"https:\/\/dcvcorp.com.br\/index.php?rest_route=\/wp\/v2\/posts\/2292\/revisions"}],"predecessor-version":[{"id":2293,"href":"https:\/\/dcvcorp.com.br\/index.php?rest_route=\/wp\/v2\/posts\/2292\/revisions\/2293"}],"wp:attachment":[{"href":"https:\/\/dcvcorp.com.br\/index.php?rest_route=%2Fwp%2Fv2%2Fmedia&parent=2292"}],"wp:term":[{"taxonomy":"category","embeddable":true,"href":"https:\/\/dcvcorp.com.br\/index.php?rest_route=%2Fwp%2Fv2%2Fcategories&post=2292"},{"taxonomy":"post_tag","embeddable":true,"href":"https:\/\/dcvcorp.com.br\/index.php?rest_route=%2Fwp%2Fv2%2Ftags&post=2292"}],"curies":[{"name":"wp","href":"https:\/\/api.w.org\/{rel}","templated":true}]}}