{"id":230,"date":"2014-07-27T04:29:21","date_gmt":"2014-07-27T07:29:21","guid":{"rendered":"http:\/\/dcvcorp.com.br\/?p=230"},"modified":"2014-08-15T10:11:36","modified_gmt":"2014-08-15T13:11:36","slug":"escatologia-as-festas-judaicas-e-seus-significados-profeticos","status":"publish","type":"post","link":"https:\/\/dcvcorp.com.br\/?p=230","title":{"rendered":"Escatologia &#8211; As Festas Judaicas e seus Significados Prof\u00e9ticos"},"content":{"rendered":"<p>Eu estou trabalhando num artigo sobre os diversos sinais escatol\u00f3gicos que podemos observar na \u00e9poca atual, mas antes disso acredito ser fundamental\u00a0explicar o significado prof\u00e9tico das Festas Judaicas. Infelizmente, para uma grande parte dos Crist\u00e3os atuais, as passagens de <a href=\"https:\/\/www.bibliaonline.com.br\/acf\/lv\/23\" target=\"_blank\">Lev\u00edticos 23<\/a> onde est\u00e3o as ordenan\u00e7as das Festas, s\u00e3o ma\u00e7antes textos relacionados a cultura judaica apenas, sem maior significado. Grande engano, h\u00e1 muito mais por detr\u00e1s dessas Festas do que muitos imaginam.<\/p>\n<p>Primeiramente, repare que em <a href=\"https:\/\/www.bibliaonline.com.br\/acf\/lv\/23\" target=\"_blank\">Lev\u00edtico 23.1<\/a>, Deus define as festas para serem\u00a0fixas e como santas convoca\u00e7\u00f5es, ou seja, s\u00e3o convoca\u00e7\u00f5es para uma assembl\u00e9ia sagrada para seu povo, uma esp\u00e9cie de ensaio geral e, se \u00e9 algo sagrado e foi institu\u00eddo pelo pr\u00f3prio Deus, n\u00e3o podemos ignorar sua import\u00e2ncia. Os Crist\u00e3os n\u00e3o tem nenhum dever ou compromisso \u00a0de observar ou celebrar \u00a0essas festas, mas o entendimento do seu significado traz um ganho tremendo para a F\u00e9. Jesus, como um judeu justo, celebrou as festas, como pode-se observar nos registros dos evangelhos, inclusive <!--more-->o Hanuk\u00e1 (conhecida tamb\u00e9m como Festa das Luzes ou Festa da Dedica\u00e7\u00e3o, leia em <a href=\"http:\/\/www.bibliaon.com\/versiculo\/joao_10_22-23\/\" target=\"_blank\">Jo\u00e3o 10.22-23<\/a>) que \u00e9 uma festa celebrada pelos Judeus em mem\u00f3ria da purifica\u00e7\u00e3o do templo da profana\u00e7\u00e3o de Ant\u00edoco Epifanes, celebra\u00e7\u00e3o esta que n\u00e3o est\u00e1 na rela\u00e7\u00e3o de Lev\u00edticos 23.<\/p>\n<p>\u00c9 interessante observar que em Lev\u00edtico 23, a primeira ordenan\u00e7a envolve o S\u00e1bado, o qual\u00a0deveria ser observado pelo povo de Israel como um descanso solene. Neste artigo n\u00e3o vou\u00a0abordar o S\u00e1bado, mas sim as outras festas, devido aos seus significados. Meu objetivo \u00e9 apresentar as sete Festas institu\u00eddas, onde as quatro primeiras, que ocorrem na primavera durante as \u00e9pocas de plantio e colheita da cevada, j\u00e1 foram cumpridas por Cristo na sua Primeira Vinda, e que as tr\u00eas seguintes, que ocorrem no outono durante o per\u00edodo da colheita do trigo, se cumprir\u00e3o profeticamente em sua Segunda Vinda. As quatro primeiras Festas s\u00e3o tamb\u00e9m conhecidas como &#8220;as primeiras chuvas&#8221; ou &#8220;chuvas tempor\u00e3s&#8221; (primavera) e as tr\u00eas Festas seguintes s\u00e3o conhecidas como &#8220;as \u00faltimas chuvas&#8221; ou \u00a0&#8220;chuva ser\u00f4dia&#8221; (outono), dessa forma, esses dois per\u00edodos de chuvas est\u00e3o relacionados a Primeira e a Segunda Vinda de Cristo (leia <a href=\"https:\/\/www.bibliaonline.com.br\/acf\/os\/6\" target=\"_blank\">Os\u00e9ias 6.3<\/a>, <a href=\"https:\/\/www.bibliaonline.com.br\/acf\/jl\/2\" target=\"_blank\">Joel 2.23<\/a>, <a href=\"https:\/\/www.bibliaonline.com.br\/acf\/dt\/11\" target=\"_blank\">Deuteron\u00f4mio 11.10-17<\/a> e <a href=\"https:\/\/www.bibliaonline.com.br\/acf\/tg\/5\" target=\"_blank\">Tiago 5.7-8<\/a>). Veremos que essas Festas s\u00e3o ensaios feitos por Israel, das v\u00e1rias partes do plano de Deus para a humanidade.<\/p>\n<p>Para compreender melhor as Festas e seus significados prof\u00e9ticos, vamos precisar entender melhor o calend\u00e1rio judaico, pois diferente de n\u00f3s que temos um calend\u00e1rio solar, o judaico \u00e9 baseado no ciclo lunar; dessa forma, cada m\u00eas come\u00e7a com o surgimento da lua nova e cada dia come\u00e7a com o surgimento da Lua (muitas vezes confundido com o p\u00f4r do Sol). Deus em G\u00eanesis 1, instituiu esse sistema, declarando repetidamente que &#8220;&#8230; foi a tarde e a manh\u00e3, o dia &#8230;&#8221;. Os meses judaicos comparados ao nosso calend\u00e1rio, podem ser vistos da seguinte forma:<\/p>\n<table  class=\" table table-hover\" border=\"1\">\n<tbody>\n<tr>\n<td align=\"center\"><span style=\"text-decoration: underline;\">M\u00eas Judaico<\/span><\/td>\n<td align=\"center\">\u00a0<span style=\"text-decoration: underline;\">M\u00eas Equivalente Aproximado<\/span><\/td>\n<\/tr>\n<tr>\n<td>\u00a001 Nisan\/Abib<\/td>\n<td>\u00a0Mar\u00e7o-Abril<\/td>\n<\/tr>\n<tr>\n<td>\u00a002 Zif\/Iyar<\/td>\n<td>\u00a0Abril-Maio<\/td>\n<\/tr>\n<tr>\n<td>\u00a003 Sivam<\/td>\n<td>\u00a0Maio-Junho<\/td>\n<\/tr>\n<tr>\n<td>\u00a004 Tamuz<\/td>\n<td>\u00a0Junho-Julho<\/td>\n<\/tr>\n<tr>\n<td>\u00a005 Ab\/(Av)<\/td>\n<td>\u00a0Julho-Agosto<\/td>\n<\/tr>\n<tr>\n<td>\u00a006 Elul<\/td>\n<td>\u00a0Agosto-Setembro<\/td>\n<\/tr>\n<tr>\n<td>\u00a007 Tishrei<\/td>\n<td>\u00a0Setembro-Outubro<\/td>\n<\/tr>\n<tr>\n<td>\u00a008 Bul\/Heshvan<\/td>\n<td>\u00a0Outubro-Novembro<\/td>\n<\/tr>\n<tr>\n<td>\u00a009 Chilseu\/Kislev<\/td>\n<td>\u00a0Novembro-Dezembro<\/td>\n<\/tr>\n<tr>\n<td>\u00a010 Tebeth<\/td>\n<td>\u00a0Dezembro-Janeiro<\/td>\n<\/tr>\n<tr>\n<td>\u00a011 Sebat\/Shebat<\/td>\n<td>\u00a0Janeiro-Fevereiro<\/td>\n<\/tr>\n<tr>\n<td>\u00a012 Adar<\/td>\n<td>\u00a0Fevereiro-Mar\u00e7o<\/td>\n<\/tr>\n<tr>\n<td>\u00a013 Ve-Adar\/II Adar (Adar Sheni)*<\/td>\n<td>\u00a0Fevereiro-Mar\u00e7o<\/td>\n<\/tr>\n<\/tbody>\n<\/table>\n<p>* o m\u00eas Ve-Adar pode ser entendido como um ano bissexto.<\/p>\n<p>O primeiro dia do m\u00eas \u00e9 chamado de Rosh (Chefe) Hodesh (Lua), nesse dia o <em>Shofar<\/em> (chifre de carneiro) era soprado e tochas eram acesas para que cada pessoa soubesse que aquele era o primeiro dia do m\u00eas (leia <a href=\"https:\/\/www.bibliaonline.com.br\/acf\/sl\/81\" target=\"_blank\">Salmos 81.3-5<\/a>). Alguns dias do calend\u00e1rio judaico s\u00e3o particularmente interessantes e possuem significados hist\u00f3ricos relevantes, por exemplo:<\/p>\n<ul>\n<li>Quatro eventos muito importantes ocorreram no primeiro dia de Nisan: o Tabern\u00e1culo de Mois\u00e9s foi dedicado depois de sairem do Egito (<a href=\"https:\/\/www.bibliaonline.com.br\/acf\/ex\/40\" target=\"_blank\">\u00caxodo 40.17-35<\/a>), O rei Ezequias purificou o templo (<a href=\"https:\/\/www.bibliaonline.com.br\/acf\/2cr\/29\" target=\"_blank\">2 Cr\u00f4nicas 29.2-3<\/a>), Esdras iniciou sua viagem de retorno para reconstruir o templo (<a href=\"https:\/\/www.bibliaonline.com.br\/acf\/ed\/7\" target=\"_blank\">Esdras 7.9<\/a>), Artaxerxes publicou o decreto de reconstru\u00e7\u00e3o dos muros de Jerusal\u00e9m (<a href=\"https:\/\/www.bibliaonline.com.br\/acf\/ne\/2\" target=\"_blank\">Neemias 2.1-8<\/a>).<\/li>\n<li>No dia 10 de Nisan ocorreu a santifica\u00e7\u00e3o do cordeiro para a P\u00e1scoa conforme Mois\u00e9s instruiu\u00a0ao povo para prepararem o cordeiro (<a href=\"https:\/\/www.bibliaonline.com.br\/acf\/ex\/12\" target=\"_blank\">\u00caxodo 12.3-6<\/a>). Cristo, nosso Cordeiro Pascal, \u00e9 &#8220;separado&#8221; no dia 10 de Nisan (<a href=\"https:\/\/www.bibliaonline.com.br\/acf\/jo\/12\" target=\"_blank\">Jo\u00e3o 12.1-2<\/a>).<\/li>\n<li>O\u00a0dia 9 de Ab\/(Av) historicamente representa um dia de trag\u00e9dias e infort\u00fanios na\u00a0hist\u00f3ria de Israel, a seguir uma rela\u00e7\u00e3o de 8 fatos ocorridos nesse dia que os Judeus tradicionalmente lembram a cada ano, mais 4 outros eventos relacionados ao mesmo dia:<\/li>\n<\/ul>\n<ol>\n<ol>\n<li>\u00a0Dez dos 12 espias retornam em 9 de Av\u00a0com o p\u00e9ssimo relat\u00f3rio sobre a terra prometida.<\/li>\n<li>\u00a0O Templo de Salom\u00e3o come\u00e7ou a ser destru\u00eddo pelos Babil\u00f4nios em 9 de Av, o in\u00edcio do fogo foi no dia 9 e no dia 10 ficou completamente destru\u00eddo.<\/li>\n<li>\u00a0O Segundo Templo foi destru\u00eddo pelos Romanos em 9 de Av\u00a0no ano 70 d.C. Segundo o historiador Judeu Flavio Josefo, o fogo nos muros e em parte da cidade come\u00e7ou em 8 de Av.<\/li>\n<li>\u00a0Em 71 d.C. o ex\u00e9rcito Romano lavrou todo o Monte do Templo\u00a0em 9 de Av.<\/li>\n<li>\u00a0Bar Kochba foi morto e seu ex\u00e9rcito destru\u00eddo no dia 9 de Av\u00a0em 135 d.C.<\/li>\n<li>\u00a0Em\u00a01290 d.C., a Inglaterra expulsou os Judeus do pa\u00eds no dia 9 de Av.<\/li>\n<li>\u00a0Em\u00a01492, a Espanha expulsou todos os Judeus do seu pa\u00eds no dia 9 de Av.<\/li>\n<li>\u00a0Em\u00a01914, no dia 9 de Av, a I Guerra Mundial foi declarada. No leste da R\u00fassia, o governo Russo come\u00e7ou uma campanha de severa persegui\u00e7\u00e3o\u00a0aos Judeus.<\/li>\n<li><span style=\"color: #323333;\">Urbano II convocou as Cruzadas no ano de 1095, no dia 9 de Av.<\/span><\/li>\n<li><span style=\"color: #323333;\">Queima dos Talmudes no ano de 1242 no dia 9 de Av.<\/span><\/li>\n<li><span style=\"color: #323333;\">No ano de 1942, em 9 de Av, teve in\u00edcio no Campo de exterm\u00ednio de Treblinka as primeiras mortes dos judeus sob a determina\u00e7\u00e3o de Adof Hitler.<\/span><\/li>\n<li><span style=\"color: #323333;\">Em 18 de Julho de 1994, dia 9 de Av, foram mortos 86 judeus e mais de 120 ficaram feridos em um atentado terrorista contra a associa\u00e7\u00e3o israelita na Argentina por um grupo terrorista, provavelmente o Hezbollah.<\/span><\/li>\n<\/ol>\n<\/ol>\n<p>&nbsp;<\/p>\n<p>Agora, com base no que vimos at\u00e9 aqui, podemos ver a tabela das sete Festas Judaicas e seus dias para comemora\u00e7\u00e3o, conforme descrito em <a href=\"https:\/\/www.bibliaonline.com.br\/acf\/lv\/23\" target=\"_blank\">Lev\u00edticos 23<\/a>:<\/p>\n<table  class=\" table table-hover\" border=\"1\">\n<tbody>\n<tr>\n<td align=\"center\"><span style=\"text-decoration: underline;\">Festa<\/span><\/td>\n<td align=\"center\"><span style=\"text-decoration: underline;\">\u00c9poca da Festa<\/span><\/td>\n<\/tr>\n<tr>\n<td>\u00a0P\u00e1scoa<\/td>\n<td>\u00a0Primeiro m\u00eas, no d\u00e9cimo quarto dia<\/td>\n<\/tr>\n<tr>\n<td>\u00a0P\u00e3es Asmos<\/td>\n<td>\u00a0Primeiro m\u00eas, do d\u00e9cimo quinto dia ao vig\u00e9simo primeiro<\/td>\n<\/tr>\n<tr>\n<td>\u00a0Primeiros Frutos (Prim\u00edcias)<\/td>\n<td>\u00a0Primeiro dia ap\u00f3s o S\u00e1bado dos P\u00e3es Asmos<\/td>\n<\/tr>\n<tr>\n<td>\u00a0Pentecostes<\/td>\n<td>\u00a050 dias ap\u00f3s a Festa dos Primeiros Frutos<\/td>\n<\/tr>\n<tr>\n<td>\u00a0Trombetas<\/td>\n<td>\u00a0S\u00e9timo m\u00eas, no primeiro dia<\/td>\n<\/tr>\n<tr>\n<td>\u00a0Expia\u00e7\u00e3o<\/td>\n<td>\u00a0S\u00e9timo m\u00eas, no d\u00e9cimo dia<\/td>\n<\/tr>\n<tr>\n<td>\u00a0Tabern\u00e1culos<\/td>\n<td>\u00a0S\u00e9timo m\u00eas, no d\u00e9cimo quinto dia ao vig\u00e9simo primeiro<\/td>\n<\/tr>\n<\/tbody>\n<\/table>\n<p>&nbsp;<\/p>\n<p>Vamos agora analisar cada uma das Festa\u00a0da tabela anterior em detalhes e seu significado prof\u00e9tico.<\/p>\n<p><strong>P\u00e1scoa<\/strong><\/p>\n<p>A P\u00e1scoa \u00e9 uma Festa que lembra a liberta\u00e7\u00e3o do povo Judeu da escravid\u00e3o do Egito, para n\u00f3s Crist\u00e3os, nos lembra de nossa liberta\u00e7\u00e3o da escravid\u00e3o do pecado atrav\u00e9s de Cristo. Jesus \u00e9 o Cordeiro Pascal definitivo e provido por Deus para a salva\u00e7\u00e3o dos homens, conforme profetizado durante todo o Antigo Testamento, desde a queda do homem.<\/p>\n<p>O cordeiro tinha de ser sacrificado no crep\u00fasculo ou no in\u00edcio do entardecer, o hor\u00e1rio das 3 da tarde (a hora nona) era a divis\u00e3o entre a Obla\u00e7\u00e3o (oferta) menor e a Obla\u00e7\u00e3o (oferta) maior. Jesus\u00a0foi crucificado \u00e0s 9 da manh\u00e3 do dia 14 de Nisan e morreu (expirou) \u00e0s 3 da tarde (<a href=\"https:\/\/www.bibliaonline.com.br\/acf\/mc\/15\" target=\"_blank\">Marcos 15.25<\/a>), sendo sepultado as 6 da tarde daquele mesmo dia.<\/p>\n<p>Na pessoa de Cristo, essa Festa teve seu cumprimento m\u00e1ximo, na Cruz, onde foi cravada a c\u00e9dula de nossa d\u00edvida com Deus (<a href=\"https:\/\/www.bibliaonline.com.br\/acf\/cl\/2\" target=\"_blank\">Colossenses 2.14<\/a>).<\/p>\n<p><strong>P\u00e3es Asmos<\/strong><\/p>\n<p>A P\u00e1scoa \u00e9 seguida de uma semana de Festa dos P\u00e3es Asmos (n\u00e3o levedados). No Antigo Testamento, fermento poderia ser leite; ovo ou qualquer outro ingrediente que, ao ser adicionado na massa, poderia causar a fermenta\u00e7\u00e3o. Normalmente o fermento \u00e9 a &#8220;levedura&#8221;, e a massa se leveda quando \u00e9 adicionada outra massa contaminada, nessa massa fresca e pura (<a href=\"https:\/\/www.bibliaonline.com.br\/acf\/gl\/5\" target=\"_blank\">G\u00e1latas 5.9<\/a>). O termo fermento ou levedo, no seu sentido mais amplo, \u00e9 qualquer coisa que pode causar uma mudan\u00e7a numa massa maior. Referente \u00e0s escrituras, \u00e9 qualquer coisa que corrompe um ingrediente quando \u00e9 adicionado.<\/p>\n<p>E no caso de Cristo, o que isso representa? Vejamos:<\/p>\n<ol>\n<ol>\n<ul>\n<li>Ele \u00e9 o p\u00e3o da vida.<\/li>\n<li>Ele n\u00e3o teve fermento.<\/li>\n<li>Ele foi a\u00e7oitado, dilacerado, traspassado e mo\u00eddo por n\u00f3s. Curiosamente o Matzo (p\u00e3o sem fermento) \u00e9 cheio de sulcos na apar\u00eancia, o Matzo \u00e9 perfurado para que o calor do forno possa passar por todo seu interior e o Matzo \u00e9 feito de semente esmagada.<\/li>\n<\/ul>\n<\/ol>\n<\/ol>\n<p>Em Cristo a Festa dos P\u00e3es Asmos foi cumprida, pois ele \u00e9 o P\u00e3o da Vida sem fermento, do qual devemos nos alimentar continuamente para termos vida e vida em abund\u00e2ncia.<\/p>\n<p><strong>Primeiros Frutos (Prim\u00edcias)<\/strong><\/p>\n<p>Durante o ano existiam alguns s\u00e1bados (&#8220;<em>Shabat<\/em>&#8220;) extras conhecidos como &#8220;<em>Shabaton<\/em>&#8221; ou como &#8220;O Grande <em>Shabat<\/em>&#8220;. Esses sete &#8220;<em>Shabaton<\/em>&#8221; extras ca\u00edam em dias especiais do calend\u00e1rio e n\u00e3o exatamente nas noites de sextas-feiras. O primeiro <em>Shabaton<\/em> do ano \u00e9 no dia 15 de Nisan. No ano em que Jesus morreu, o dia 15 de Nisan caiu numa quinta \u00e0 noite e na sexta de dia. Portanto, houve dois <em>Shabats<\/em>, um logo ap\u00f3s o outro, ou seja, um Grande <em>Shabat<\/em> para a P\u00e1scoa, no dia 15 de Nisan, e o outro no dia 16 de Nisan que foi um <em>Shabat<\/em> normal celebrado na sexta a noite e no s\u00e1bado durante o dia. Isso s\u00f3 pode ser encontrado no Novo Testamento somente se for lido no grego em <a href=\"https:\/\/www.bibliaonline.com.br\/acf\/mt\/28\" target=\"_blank\">Mateus 28.1<\/a> onde a palavra traduzida para <em>Shabat<\/em> \u00e9, na verdade, <em>Shabaton<\/em> e indo at\u00e9 <a href=\"https:\/\/www.bibliaonline.com.br\/acf\/mc\/15\" target=\"_blank\">Marcos 15.42<\/a> encontramos o texto dizendo claramente que &#8220;e portanto era o Dia da Prepara\u00e7\u00e3o, isto \u00e9 a v\u00e9spera do s\u00e1bado (<em>Shabat<\/em>), &#8230;&#8221;, veja tamb\u00e9m <a href=\"https:\/\/www.bibliaonline.com.br\/acf\/mt\/26\" target=\"_blank\">Mateus 26.62<\/a> e <a href=\"https:\/\/www.bibliaonline.com.br\/acf\/jo\/19\" target=\"_blank\">Jo\u00e3o 19.31<\/a>. O &#8220;Dia da Prepara\u00e7\u00e3o&#8221; refere-se a qualquer dia da semana, em qualquer data, antes de um <em>Shabat<\/em>.<\/p>\n<p>A Festa dos Primeiros Frutos ou das Prim\u00edcias teve seu cumprimento em Cristo atrav\u00e9s de\u00a0sua ressurrei\u00e7\u00e3o nesse dia, sendo assim Ele \u00e9 o primog\u00eanito entre os mortos (<a href=\"https:\/\/www.bibliaonline.com.br\/acf\/cl\/1\" target=\"_blank\">Colossenses 1.18<\/a>) para a vida eterna,\u00a0Ele foi feito a prim\u00edcia dos que dormem (<a href=\"https:\/\/www.bibliaonline.com.br\/acf\/1co\/15\" target=\"_blank\">1 Corintios 15.20<\/a>). As manifesta\u00e7\u00f5es descritas em <a href=\"https:\/\/www.bibliaonline.com.br\/acf\/mt\/27\" target=\"_blank\">Mateus 27.52-53<\/a> foram as Prim\u00edcias de Cristo oferecidas a Deus Pai, aqueles santos que ressuscitaram foram os primeiros de uma imensa colheita que est\u00e1 para acontecer. A Festa das Prim\u00edcias \u00e9 a terceira e \u00faltima Festa que Jesus cumpriu pessoalmente na Terra. Jesus estava presente fisicamente na P\u00e1scoa, nos P\u00e3es Asmos e nas Prim\u00edcias. Ele subiu (ascendeu) ao c\u00e9u depois de 40 dias, 10 dias antes do Pentecostes. Ele ainda vir\u00e1\u00a0fisicamente cumprir mais tr\u00eas Festas.<\/p>\n<p><strong>Pentecostes<\/strong><\/p>\n<p>Depois das Prim\u00edcias conta-se o <em>Omer<\/em> (feixe), a contagem dos 50 dias \u00e9 chamada de &#8220;contando o <em>Omer<\/em>&#8220;, contando os feixes. A na\u00e7\u00e3o de Israel ressuscitou quando saiu das \u00e1guas do Mar Vermelho e 50 dias depois Deus deu a eles a Lei, a Torah. Jesus ressuscitou e 50 dias depois Deus nos concedeu o <em>Ruach Ha&#8217;Kodesh<\/em> (o Esp\u00edrito Santo). Ambos os casos citados tem o mesmo prop\u00f3sito (<a href=\"https:\/\/www.bibliaonline.com.br\/acf\/jo\/16\" target=\"_blank\">Jo\u00e3o 16.13<\/a> e <a href=\"https:\/\/www.bibliaonline.com.br\/acf\/gl\/5\" target=\"_blank\">G\u00e1latas 5.22-23<\/a>).<\/p>\n<p>A Festa hebraica \u00e9 chamada Festa do Shavuot. <em>Shavuot<\/em> significa &#8220;semanas&#8221; e se refere as semanas que est\u00e3o entre as Festas das Prim\u00edcias e do Pentecostes. Nas Prim\u00edcias, um feixe de &#8220;gr\u00e3os \u00e1zimos&#8221; era movido perante Deus, exatamente como Jesus, sem pecados, foi movido (levantado) diante do Pai. No <em>Shavuot<\/em>, dois p\u00e3es levedados (porosos) eram levantados diante de Deus. J\u00e1 que os dois p\u00e3es contem levedura (fermento), o que eles representam? Os dois p\u00e3es s\u00e3o as duas partes da Igreja, a judia e a gentia, mas ambas contem pecado. O t\u00e9rmino dessa quarta Festa traz o encerramento das Festas das primeiras chuvas, as chuvas tempor\u00e3s. Jesus falou sobre o Pentecostes em v\u00e1rios momentos, inclusive no dia de sua ascen\u00e7\u00e3o (<a href=\"https:\/\/www.bibliaonline.com.br\/acf\/atos\/1\" target=\"_blank\">Atos 1.4-9<\/a>).<\/p>\n<p>&nbsp;<\/p>\n<p>Podemos resumir as 4 primeiras Festas da seguinte forma:<\/p>\n<p><span style=\"text-decoration: underline;\">P\u00e1scoa<\/span>: Convoca\u00e7\u00e3o pela morte do Messias.<\/p>\n<p><span style=\"text-decoration: underline;\">P\u00e3es Asmos<\/span>: Convoca\u00e7\u00e3o pelo sepultamento do Messias.<\/p>\n<p><span style=\"text-decoration: underline;\">Primeiros Frutos (Prim\u00edcias)<\/span>: Convoca\u00e7\u00e3o pela ressurrei\u00e7\u00e3o do Messias.<\/p>\n<p><span style=\"text-decoration: underline;\">Pentecostes<\/span>: Convoca\u00e7\u00e3o pela nomea\u00e7\u00e3o e delega\u00e7\u00e3o de poder ao povo dado pelo Messias.<\/p>\n<p>Vamos observar agora as 3 Festas seguintes, relacionadas as \u00faltimas chuvas, a chuva ser\u00f4dia, que est\u00e3o para se cumprir. Como vimos nas 4 primeiras, Deus zela pelo cumprimento das Festas de acordo com seus significados e podemos esperar fatos relevantes tamb\u00e9m para as\u00a0Festas de outono.<\/p>\n<p>&nbsp;<\/p>\n<p><strong>Trombetas<\/strong><\/p>\n<p>O dia 1 de Tishrei inicia a Festa das Trombetas ou <em>Yom Teruah<\/em> (O Dia do Estrondoso Despertar) ou ainda o <em>Rosh Ha&#8217;Shanah<\/em> (Cabe\u00e7a do Ano, o dia do Som do <em>Shofar<\/em>). Essa \u00e9 a \u00fanica Festa que come\u00e7a com a Lua Nova. O <em>Shofar<\/em> tinha suma import\u00e2ncia na celebra\u00e7\u00e3o do Ano do Jubileu. Como todos os meses do calend\u00e1rio, o primeiro dia de Tishrei come\u00e7a com o brilho de uma lua nova. Os vigias no oriente de Israel ficavam observando at\u00e9 que surgisse o primeiro raio ou sinal da lua nova e esse sinal era transmitido rapidamente de vigia em vigia at\u00e9 chegar no Templo. O sacerdote ficava em p\u00e9 no parapeito a sudeste do Templo e soava o <em>Shofar<\/em> para que fosse ouvido em todo vale ao redor. Assim que o sacerdote soava o <em>Shofar<\/em>, os tementes a Deus, verdadeiros servos, interrompiam imediatamente a colheita, mesmo que ficasse ainda mais para ser colhido, deixavam tudo l\u00e1 mesmo, no campo. Era \u00e9poca de trigo e eles paravam tudo e se dirigiam para o Templo, para adora\u00e7\u00e3o do dia de ano novo, a Festa das Trombetas.<\/p>\n<p>Jesus usou essa ilustra\u00e7\u00e3o para descrever a sua Segunda Vinda. Paulo associa claramente o &#8220;soar das trombetas&#8221; com a Segunda Vinda de Cristo sobre as nuvens (<a href=\"https:\/\/www.bibliaonline.com.br\/acf\/1ts\/4\" target=\"_blank\">1 Tessalonicenses 4.16-17<\/a> e <a href=\"https:\/\/www.bibliaonline.com.br\/acf\/1co\/15\" target=\"_blank\">1 Cor\u00edntios 15.51-52<\/a>). Isa\u00edas associou o uso do <em>Shofar<\/em> com a vinda do Messias (<a href=\"https:\/\/www.bibliaonline.com.br\/acf\/is\/51\" target=\"_blank\">Isa\u00edas 51.9<\/a> e <a href=\"https:\/\/www.bibliaonline.com.br\/acf\/is\/60\" target=\"_blank\">60.1<\/a>). Paulo associou o despertamento estrondoso com o <em>Shofar<\/em> e com o arrependimento dos pecados e citou Isa\u00edas 60.1 em <a href=\"https:\/\/www.bibliaonline.com.br\/acf\/ef\/5\" target=\"_blank\">Ef\u00e9sios 5.14-17<\/a>.<\/p>\n<p>O <em>Rosh Ha&#8217;Shanah <\/em>\u00e9 tamb\u00e9m chamado de <em>Yom Ha&#8217;Din<\/em>, o Dia do Ju\u00edzo, uma \u00e9poca em que as cortes celestiais se re\u00fanem e fazem uma an\u00e1lise completa da vida de cada pessoa. Os 30 dias de Elul, antes do primeiro dia de Tishrei \u00e9, ent\u00e3o, tempo de se voltar para Deus e os 10 dias que precedem ao <em>Yom Kippur<\/em> (Dia do Temor, Expia\u00e7\u00e3o), s\u00e3o chamados de Dias de Temor ou &#8220;Os Dias Terr\u00edveis&#8221;. Exatamente como o Judeu faz anualmente, vemos que precede o encerramento do <em>Rosh Ha&#8217;Shanah<\/em>\u00a0e que inaugura o &#8220;Dia do Senhor&#8221; (<a href=\"https:\/\/www.bibliaonline.com.br\/acf\/sf\/2\" target=\"_blank\">Sofonias 2.1-3<\/a>). Uma curiosidade relevante, os rabinos ensinam o seguinte:<\/p>\n<ol>\n<ol>\n<ol>\n<li>No <em>Rosh Ha&#8217;Shanah<\/em>\u00a0cada pessoa \u00e9 julgada.<\/li>\n<li>Deus abre tr\u00eas livros e todos aqueles que tinham se voltado para Ele, seus nomes estavam escritos no Livro dos Justos.<\/li>\n<li>Depois disso Deus divide o restante em dois grupos:<\/li>\n<\/ol>\n<\/ol>\n<\/ol>\n<p>a) O primeiro grupo \u00e9 o <em>Rashim<\/em> (completamente in\u00edquo) e seus nomes s\u00e3o escritos no Livro dos <em>Rashim<\/em>, um livro que contem os nomes daqueles que s\u00e3o totalmente \u00edmpios. O destino dos <em>Rashim<\/em> \u00e9 selado no <em>Rosh Ha&#8217;Shanah<\/em>\u00a0porque eles rejeitaram, por suas pr\u00f3prias escolhas, a salva\u00e7\u00e3o provida por Deus pelo Seu Messias.<\/p>\n<p>b) O segundo grupo \u00e9 chamado de Intermedi\u00e1rios. Esse \u00e9 o maior grupo e que nem \u00e9 considerado justo ou completamente\u00a0in\u00edquo. A esse grupo \u00e9 dado 10 dias a mais para se arrepender, antes do in\u00edcio do <em>Yom Kippur<\/em>. Se eles se arrependerem at\u00e9 o <em>Yom Kippur<\/em>, ent\u00e3o seus nomes s\u00e3o escritos no Livro dos Justos, mas se n\u00e3o, v\u00e3o para o Livro dos Completamente\u00a0In\u00edquos. O destino de cada um \u00e9 determinado no <em>Yom Kippur<\/em>.<\/p>\n<p><strong>Expia\u00e7\u00e3o<\/strong><\/p>\n<p>A palavra expia\u00e7\u00e3o, <em>kipper<\/em>, literalmente significa &#8220;cobertura do pecado&#8221;. A oferta pelos pecados oferece o perd\u00e3o de Deus ao ofensor, uma expia\u00e7\u00e3o pelo pecado. O <em>Yom Kippur<\/em> ocorre no dia 10 de Tishrei e \u00e9 o dia de adora\u00e7\u00e3o mais solene e mais sagrado no Juda\u00edsmo. Ele \u00e9 chamado de &#8220;O Sabbath dos Sabbaths&#8221;. Esse \u00e9 o dia em que todo Israel chora por seus pecados. Esse \u00e9 o \u00fanico dia do ano em que o sumo-sacerdote entra no sant\u00edssimo lugar ou &#8220;santo dos santos&#8221;, o lugar mais sagrado.<\/p>\n<p>Deus revelou Sua inten\u00e7\u00e3o de que o Yom Kippur deveria ensinar o perd\u00e3o de todas as d\u00edvidas; a liberta\u00e7\u00e3o daqueles que estavam em algum tipo de servid\u00e3o e o retorno das possess\u00f5es. Quando Ele instituiu o Ano do Jubileu, a cada 50 Yom Kippur teria que ser um jubileu mesmo, ou seja, um j\u00fabilo. Era uma pr\u00e1tica que deveria come\u00e7ar 50 anos depois de sua institui\u00e7\u00e3o, no entanto essa celebra\u00e7\u00e3o ainda n\u00e3o foi realmente celebrada de verdade.\u00a0Israel ainda aguarda a celebra\u00e7\u00e3o completa do seu primeiro Jubileu, que vai acontecer quando o Messias retornar.<\/p>\n<p>O <em>Yom Kippur<\/em>, ou Dia da Expia\u00e7\u00e3o, vem da palavra <em>Kaphar<\/em> que quer dizer &#8220;cobrir&#8221;. Jesus \u00e9 a nossa propicia\u00e7\u00e3o ou cobertura, Ele \u00e9 a nossa expia\u00e7\u00e3o que apaga completamente os nossos pecados.<\/p>\n<p><strong>Tabern\u00e1culos<\/strong><\/p>\n<p>A Festa dos Tabern\u00e1culos ou <em>Sukkot<\/em> \u00e9 tamb\u00e9m chamada de &#8220;Festa das Tendas&#8221; ou &#8220;Festa das Cabanas&#8221; (<em>Sukkahs<\/em>). A Festa do Senhor e a Festa do Recolhimento da Colheita. Essa \u00e9 a terceira das Festas da colheita, uma grande temporada de j\u00fabilo e alegria. Come\u00e7a 5 dias ap\u00f3s o <em>Yom Kippur<\/em>, no dia 15 de Tishrei, na lua cheia e dura 7 dias. A Festa comemora a provis\u00e3o e o abrigo de Deus durante o \u00eaxodo e ilustra Sua habita\u00e7\u00e3o no mundo porvir, a Nova Jerusal\u00e9m. A Festa dos Tabern\u00e1culos continuar\u00e1 a ser celebrada durante o reino milenial de Cristo (<a href=\"https:\/\/www.bibliaonline.com.br\/acf\/zc\/14\" target=\"_blank\">Zacarias 14.16-19<\/a>).<\/p>\n<p>O s\u00e9timo dia da Festa dos Tabern\u00e1culos foi chamado de <em>Hosha&#8217;Na Rabba<\/em>, que significa o Dia da Grande Hosana. Assim como todos os dias os sacerdotes derramavam \u00e1gua no Templo durante a Festa dos Tabern\u00e1culos, Jesus tamb\u00e9m se colocou no monte do Templo e declarou ser a verdadeira \u00c1gua da Vida, a Vida no Esp\u00edrito, estava sendo derramada de dentro Dele mesmo. Durante a Festa dos Tabern\u00e1culos, o Monte do Templo ficava impressionantemente iluminado com muitas tochas e lanternas. No Templo completamente iluminado Jesus declarou ser Ele mesmo a verdadeira Luz. Essas tradicionais alus\u00f5es \u00e0 \u00e1gua e \u00e0 luz, como aqui mencionados, lembram parte do descritivo da Nova Jerusal\u00e9m que desce do c\u00e9u, conforme est\u00e1 escrito no livro de <a href=\"https:\/\/www.bibliaonline.com.br\/acf\/ap\/21\" target=\"_blank\">Apocalipse 21.9-27<\/a>.<\/p>\n<p>Jesus em pessoa \u00e9 o nosso <em>Sukkot<\/em>, nosso verdadeiro tabern\u00e1culo que habitar\u00e1 perpetuamente entre os homens.<\/p>\n<p>&nbsp;<\/p>\n<p>Com isso finalizamos esse pequeno estudo sobre as Festas e seus significados prof\u00e9ticos. O cumprimento das \u00faltimas tr\u00eas Festas est\u00e1 pr\u00f3ximo, os sinais est\u00e3o cada vez mais vis\u00edveis. Nos artigos anteriores dessa s\u00e9rie de Escatologia, j\u00e1 apresentei\u00a0em que \u00e9poca estamos, no pr\u00f3ximo artigo vou apresentar v\u00e1rios sinais relacionados \u00e0 essa \u00e9poca atual em que vivemos. Se deseja estudar com mais profundidade os temas das Festas aqui abordados, recomendo a leitura do livro &#8220;As Festas Judaicas do Antigo Testamento&#8221; do Dr. Grady Shannon McMurtry (veja <a href=\"http:\/\/www.buscape.com.br\/as-festas-judaicas-do-antigo-testamento-seu-significado-historico-cristao-e-profetico-dr-grady-shannon-mcmurtry-857459282x.html#precos\" target=\"_blank\">aqui<\/a>), este artigo foi uma adapta\u00e7\u00e3o de v\u00e1rios trechos dessa obra.<\/p>\n<p>Que Deus o aben\u00e7oe e ilumine Seu rosto sobre voc\u00ea!!!<\/p>\n<p>&nbsp;<\/p>\n<p>&nbsp;<\/p>\n","protected":false},"excerpt":{"rendered":"<p>Eu estou trabalhando num artigo sobre os diversos sinais escatol\u00f3gicos que podemos observar na \u00e9poca atual, mas antes disso acredito ser fundamental\u00a0explicar o significado prof\u00e9tico das Festas Judaicas. Infelizmente, para uma grande parte dos Crist\u00e3os atuais, as passagens de Lev\u00edticos 23 onde est\u00e3o as ordenan\u00e7as das Festas, s\u00e3o ma\u00e7antes textos relacionados a cultura judaica apenas, [&hellip;]<\/p>\n","protected":false},"author":2,"featured_media":0,"comment_status":"open","ping_status":"open","sticky":false,"template":"","format":"standard","meta":[],"categories":[24,27],"tags":[37,30],"_links":{"self":[{"href":"https:\/\/dcvcorp.com.br\/index.php?rest_route=\/wp\/v2\/posts\/230"}],"collection":[{"href":"https:\/\/dcvcorp.com.br\/index.php?rest_route=\/wp\/v2\/posts"}],"about":[{"href":"https:\/\/dcvcorp.com.br\/index.php?rest_route=\/wp\/v2\/types\/post"}],"author":[{"embeddable":true,"href":"https:\/\/dcvcorp.com.br\/index.php?rest_route=\/wp\/v2\/users\/2"}],"replies":[{"embeddable":true,"href":"https:\/\/dcvcorp.com.br\/index.php?rest_route=%2Fwp%2Fv2%2Fcomments&post=230"}],"version-history":[{"count":25,"href":"https:\/\/dcvcorp.com.br\/index.php?rest_route=\/wp\/v2\/posts\/230\/revisions"}],"predecessor-version":[{"id":327,"href":"https:\/\/dcvcorp.com.br\/index.php?rest_route=\/wp\/v2\/posts\/230\/revisions\/327"}],"wp:attachment":[{"href":"https:\/\/dcvcorp.com.br\/index.php?rest_route=%2Fwp%2Fv2%2Fmedia&parent=230"}],"wp:term":[{"taxonomy":"category","embeddable":true,"href":"https:\/\/dcvcorp.com.br\/index.php?rest_route=%2Fwp%2Fv2%2Fcategories&post=230"},{"taxonomy":"post_tag","embeddable":true,"href":"https:\/\/dcvcorp.com.br\/index.php?rest_route=%2Fwp%2Fv2%2Ftags&post=230"}],"curies":[{"name":"wp","href":"https:\/\/api.w.org\/{rel}","templated":true}]}}