{"id":3057,"date":"2017-01-12T19:52:51","date_gmt":"2017-01-12T21:52:51","guid":{"rendered":"http:\/\/dcvcorp.com.br\/?p=3057"},"modified":"2020-11-05T12:38:11","modified_gmt":"2020-11-05T15:38:11","slug":"e-deus-lhe-soprou-nas-narinas-o-folego-de-vidas","status":"publish","type":"post","link":"https:\/\/dcvcorp.com.br\/?p=3057","title":{"rendered":"&#8230; e [ Deus ] lhe soprou nas narinas o f\u00f4lego de VIDAS &#8230;"},"content":{"rendered":"\n<div class=\"wp-block-group\"><div class=\"wp-block-group__inner-container\">\n<p><a href=\"http:\/\/dcvcorp.com.br\/wp-content\/uploads\/soprou.png\"><img loading=\"lazy\" class=\"size-full wp-image-3058 aligncenter\" src=\"http:\/\/dcvcorp.com.br\/wp-content\/uploads\/soprou.png\" alt=\"\" width=\"634\" height=\"401\" srcset=\"https:\/\/dcvcorp.com.br\/wp-content\/uploads\/soprou.png 634w, https:\/\/dcvcorp.com.br\/wp-content\/uploads\/soprou-300x190.png 300w\" sizes=\"(max-width: 634px) 100vw, 634px\" \/><\/a><\/p>\n<p>Muitos est\u00e3o\u00a0familiarizados com o texto que fala da cria\u00e7\u00e3o do homem &#8230;<\/p>\n<p style=\"padding-left: 30px;\">&#8220;<strong>Ent\u00e3o, formou o SENHOR Deus ao homem do p\u00f3 da terra e lhe soprou nas narinas o f\u00f4lego de <span style=\"color: #ff0000;\">vida<\/span> ( <span style=\"color: #ff0000;\">\u05d7\u05b7\u05d9\u05b4\u05bc\u0591\u05d9\u05dd<\/span> ), e o homem passou a ser alma vivente.<\/strong>&#8221; (G\u00eanesis 2:7)<\/p>\n<p>O que se perde na tradu\u00e7\u00e3o \u00e9 que o termo hebraico <span style=\"color: #ff0000;\"><strong>\u05d7\u05d9<\/strong><\/span> &#8220;<span style=\"color: #ff0000;\"><strong>chay<\/strong><\/span>&#8221; que significa &#8220;<span style=\"color: #ff0000;\"><strong>vida<\/strong><\/span>&#8220;, no texto original est\u00e1\u00a0escrito assim &#8220;<span style=\"color: #ff0000;\"><strong>\u05d7\u05b7\u05d9\u05b4\u05bc\u0591\u05d9\u05dd<\/strong><\/span>&#8220;, no plural, e significa literalmente &#8220;<span style=\"color: #ff0000;\"><strong>vidas<\/strong><\/span>&#8221; ( &#8220;<span style=\"color: #ff0000;\"><strong>chayim<\/strong><\/span>&#8220;, na pron\u00fancia o &#8220;ch&#8221; tem som de &#8220;r&#8221; ). Portanto, se for traduzir literalmente, seria algo assim:<\/p>\n<p style=\"padding-left: 30px;\">&#8220;<strong>Ent\u00e3o, formou o SENHOR Deus ao homem do p\u00f3 da terra e lhe soprou nas narinas o f\u00f4lego de <span style=\"color: #ff0000;\">vidas\u00a0<\/span>( <span style=\"color: #ff0000;\">\u05d7\u05b7\u05d9\u05b4\u05bc\u0591\u05d9\u05dd<\/span> ) e o homem passou a ser alma vivente.<\/strong>&#8221; (G\u00eanesis 2:7)<\/p>\n<p>Ao contr\u00e1rio do termo hebraico &#8220;<strong>morte<\/strong>&#8221; (\u00a0<strong>\u05de\u05d5\u05ea<\/strong> &#8220;<strong>maveth<\/strong>&#8221; ) que normalmente est\u00e1 no singular, o termo relacionado \u00e0 &#8220;<span style=\"color: #ff0000;\"><strong>vida<\/strong><\/span>&#8221; (\u00a0<strong><span style=\"color: #ff0000;\">\u05d7\u05b7\u05d9\u05b4\u05bc\u0591\u05d9\u05dd<\/span> &#8220;<span style=\"color: #ff0000;\">chayim<\/span>&#8221;\u00a0<\/strong>) est\u00e1 no plural &#8230; o SENHOR em Sua sabedoria e presci\u00eancia, ao criar o homem, j\u00e1 antecipou que este receberia n\u00e3o apenas uma \u00fanica vida somente, mas mais de uma &#8230; <strong>sendo assim a vida \u00e9 maior do que a morte<\/strong> &#8230; prefigurando na cria\u00e7\u00e3o do homem, a encarna\u00e7\u00e3o daquEle que \u00e9 o Autor da vida e que \u00e9 a pr\u00f3pria vida &#8230; Cristo; o qual teria o poder tanto para dar a sua vida como tamb\u00e9m para tom\u00e1-la de volta, como est\u00e1 escrito &#8230;<\/p>\n<p style=\"padding-left: 30px;\">&#8220;<strong>Por isso, o Pai Me ama, porque <span style=\"color: #ff0000;\">Eu dou a Minha vida para a reassumir<\/span>. Ningu\u00e9m a tira de Mim; pelo contr\u00e1rio, <span style=\"color: #ff0000;\">Eu espontaneamente a dou<\/span>. <span style=\"color: #ff0000;\">Tenho autoridade para a entregar e tamb\u00e9m para reav\u00ea-la<\/span>. Este mandato recebi de Meu Pai.<\/strong>&#8221; (Jo\u00e3o 10:17,18)<\/p>\n<p>O fato da palavra vida estar escrita originalmente no plural ( <strong><span style=\"color: #ff0000;\">\u05d7\u05b7\u05d9\u05b4\u05bc\u0591\u05d9\u05dd <span style=\"color: #000000;\">&#8220;<\/span>vidas<span style=\"color: #000000;\">&#8221;\u00a0<\/span><\/span><\/strong><span style=\"color: #ff0000;\"><span style=\"color: #000000;\">)<\/span><\/span>\u00a0implica que a verdadeira vida n\u00e3o pode ser vivida sozinha &#8230; quando olhamos a constitui\u00e7\u00e3o da palavra no hebraico vemos embutidos dentro da pr\u00f3pria palavra estes dois &#8220;yuds&#8221; consecutivos ( <span style=\"color: #ff0000;\"><strong>\u05d9\u05d9<\/strong><\/span> ), os quais representam o nosso esp\u00edrito em conjunto com o Esp\u00edrito de Deus &#8230; \u00a0uma unidade na pluralidade ( yud-yud tamb\u00e9m \u00e9 um Nome de Deus ). O SENHOR \u00e9 chamado tamb\u00e9m de\u00a0<strong>Elohim Chayim<\/strong> (<strong> \u05d0\u05b1\u05dc\u05d4\u05b4\u05d9\u05dd \u05d7\u05b7\u05d9\u05b4\u05bc\u05d9\u05dd<\/strong> ), &#8220;<strong>o Deus Vivo<\/strong>&#8220;; e n\u00f3s s\u00f3 ganhamos verdadeira vida, uma vida abundante, atrav\u00e9s da nossa uni\u00e3o com ELE.<\/p>\n<p>Analisando a pr\u00f3pria constitui\u00e7\u00e3o da palavra &#8220;<strong>chayim<\/strong>&#8221; ( <strong><span style=\"color: #ff0000;\">\u05d7\u05b7\u05d9\u05b4\u05bc\u0591\u05d9\u05dd <span style=\"color: #000000;\">&#8220;<\/span>vidas<span style=\"color: #000000;\">&#8221;\u00a0<\/span><\/span><\/strong><span style=\"color: #ff0000;\"><span style=\"color: #000000;\">) n\u00f3s podemos<\/span><\/span>\u00a0ver que ela \u00e9 formada a partir da palavra &#8220;<strong>chay<\/strong>&#8221; ( <span style=\"color: #ff0000;\"><strong>\u05d7\u05d9<\/strong><\/span>\u00a0&#8220;<strong>vida<\/strong>&#8221; ) combinada com a part\u00edcula &#8220;<strong>im<\/strong>&#8221; ( <span style=\"color: #ff0000;\"><strong>\u05d0\u05dd<\/strong><\/span>\u00a0 &#8220;<strong>se<\/strong>&#8221; ) &#8230; sugerindo que,\u00a0<span style=\"color: #ff0000;\"><strong>para se estar realmente vivo, esse &#8220;estado&#8221; \u00e9 condicional \u00e0 nossa uni\u00e3o com Deus<\/strong><\/span>\u00a0&#8230; ao \u00a0Autor da vida &#8230; em verdade &#8230; como est\u00e1 escrito:<\/p>\n<p style=\"padding-left: 30px;\">&#8220;<strong>Quem cr\u00ea no Filho tem vida eterna ( <span style=\"color: #ff0000;\">\u05d7\u05b7\u05d9\u05b5\u05bc\u05d9 \u05e2\u05d5\u05b9\u05dc\u05b8\u05dd<\/span> ); o que, todavia, se mant\u00e9m rebelde contra o Filho n\u00e3o ver\u00e1 a vida, mas sobre ele permanece a ira de Deus<\/strong>&#8221; (Jo\u00e3o 3:36).<\/p>\n<p>O que isso significa? Eu poderia fazer v\u00e1rias\u00a0digress\u00f5es sobre o tema, mas n\u00e3o quero estender demais a quest\u00e3o &#8230; quando estamos em Deus, a morte f\u00edsica tem limite &#8230; a morte \u00e9 finita em seu poder. Por isso ao homem est\u00e1 destinado apenas uma morte, como est\u00e1 escrito &#8230;<\/p>\n<p style=\"padding-left: 30px;\">&#8220;<strong>E, assim como aos homens est\u00e1 ordenado morrerem uma s\u00f3 vez, vindo, depois disto, o ju\u00edzo,<\/strong>&#8221; (Hebreus 9:27)<\/p>\n<p>Dessa forma, em Deus n\u00e3o \u00e9 a vida que \u00e9 limitada, mas sim a primeira morte &#8230; e essa morte ter\u00e1 um fim, ser\u00e1 derrotada &#8230; como est\u00e1 escrito: &#8220;<strong>O \u00faltimo inimigo a ser destru\u00eddo \u00e9 a morte<\/strong>&#8221; (1 Cor\u00edntios 15:26). Entretanto, quando o homem recebe o f\u00f4lego de &#8220;<strong>vidas<\/strong>&#8220;, mas essa &#8220;vida&#8221; n\u00e3o \u00e9 vivida com Deus, ent\u00e3o o que era para ser uma b\u00ean\u00e7\u00e3o &#8230; uma vida que supera a morte e alcan\u00e7a um estado de &#8220;<strong>vida eterna<\/strong>&#8221; por meio do SENHOR &#8230; ent\u00e3o torna-se assim uma maldi\u00e7\u00e3o e um estado de &#8220;<strong>morte eterna<\/strong>&#8221; &#8230; \u00e9 a esse estado o que as Escrituras chamam de &#8220;<strong>segunda morte<\/strong>&#8221; &#8230; &#8220;<strong>o lago de fogo<\/strong>&#8221; &#8230; por isso est\u00e1 escrito:<\/p>\n<p style=\"padding-left: 30px;\">&#8220;<strong>Ent\u00e3o, a morte e o inferno foram lan\u00e7ados para dentro do lago de fogo. <span style=\"color: #ff0000;\">Esta \u00e9 a segunda morte, o lago de fogo<\/span>.<\/strong>&#8221; (Apocalipse 20:14)<\/p>\n<p>O fato de a\u00a0palavra <strong>vida<\/strong> (\u00a0<strong>\u05d7\u05b7\u05d9\u05b4\u05bc\u0591\u05d9\u05dd &#8220;chayim<\/strong>&#8221; ) nas Escrituras, no texto de G\u00eanesis 2:7 ( citado anteriormente ) estar no plural, denota que a vida, quando se \u00e9 vivida com Deus, \u00e9 uma &#8220;vida&#8221; t\u00e3o rica que ela aponta para al\u00e9m dela mesma &#8230; para a eternidade &#8230; como est\u00e1 escrito:<\/p>\n<p style=\"padding-left: 30px;\">&#8220;<strong>&#8230; Eu vim <span style=\"color: #ff0000;\">para que tenham vida<\/span> e a <span style=\"color: #ff0000;\">tenham em abund\u00e2ncia<\/span>.<\/strong>&#8221; (Jo\u00e3o 10:10b)&#8221;<\/p>\n<p style=\"padding-left: 30px;\">&#8220;<strong>&#8230;\u00a0Eu sou o caminho, e a verdade, e a<\/strong> <span style=\"color: #ff0000;\"><strong>vida<\/strong><\/span>; &#8230; &#8221; (Jo\u00e3o 14:6)<\/p>\n<p>Jesus\u00a0\u00e9 a pr\u00f3pria vida &#8230; em hebraico Ele \u00e9\u00a0<strong>\u05d7\u05b7\u05d9\u05b4\u05bc\u0591\u05d9\u05dd <\/strong>&#8220;<strong>chayim<\/strong>&#8220;. <strong>Ele \u00e9 a vida que n\u00e3o tem fim<\/strong>! Por isso a morte, que \u00e9 limitada, n\u00e3o conseguiu venc\u00ea-lO, porque\u00a0<strong>\u05d7\u05b7\u05d9\u05b4\u05bc\u0591\u05d9\u05dd &#8220;chayim&#8221; <\/strong>(\u00a0<strong>vidas\u00a0<\/strong>) \u00e9 maior do que\u00a0<strong>\u05de\u05d5\u05ea<\/strong> &#8220;<strong>maveth<\/strong>&#8221; ( morte ); e tamb\u00e9m por isso Jesus afirmou com tanta convic\u00e7\u00e3o &#8230;<\/p>\n<p style=\"padding-left: 40px;\">&#8220;<strong><span style=\"color: #ff0000;\">Eu Sou a ressurrei\u00e7\u00e3o e a vida<\/span>. <span style=\"color: #ff0000;\">Quem cr\u00ea em Mim, ainda que morra, viver\u00e1<\/span>;<\/strong>&#8221; (Jo\u00e3o 11:25b)<\/p>\n<p>A vida, quando vivida com Deus, \u00e9 sempre superior \u00e0 morte, pois uma vida com Deus nos torna justos e o &#8220;estado de morte&#8221; n\u00e3o pode reter a justi\u00e7a que nos foi imputada por Ele atrav\u00e9s da f\u00e9 em Cristo &#8230; em Jesus, O Justo, O Autor da vida &#8230; Ele \u00e9 maior do que a morte ( <em>recomendo tamb\u00e9m que leia esse outro artigo sobre o mist\u00e9rio de <strong>Isa\u00edas 53:9<\/strong> que ir\u00e1 lhe acrescentar\u00a0ainda mais sobre tudo o que j\u00e1 leu, <a href=\"http:\/\/dcvcorp.com.br\/?p=2924\" target=\"_blank\" rel=\"noopener noreferrer\">clique\u00a0aqui<\/a><\/em>\u00a0) &#8230; por isso a\u00a0morte n\u00e3o p\u00f4de segur\u00e1-lO, como\u00a0est\u00e1 escrito &#8230;<\/p>\n<p style=\"padding-left: 30px;\">&#8220;<strong>Var\u00f5es israelitas, atendei a estas palavras: Jesus, o Nazareno, var\u00e3o aprovado por Deus diante de v\u00f3s com milagres, prod\u00edgios e sinais, os quais o pr\u00f3prio Deus realizou por interm\u00e9dio dEle entre v\u00f3s, como v\u00f3s mesmos sabeis; sendo Este entregue pelo determinado des\u00edgnio e presci\u00eancia de Deus, v\u00f3s O matastes, crucificando-O por m\u00e3os de in\u00edquos; ao qual, por\u00e9m, Deus ressuscitou, <span style=\"color: #ff0000;\">rompendo os grilh\u00f5es da morte; porquanto n\u00e3o era poss\u00edvel fosse Ele [ Jesus ] retido por ela.<\/span><\/strong>&#8221; (Atos 2:22-24)<\/p>\n<p style=\"padding-left: 30px;\">&#8220;<strong>Dessarte, <span style=\"color: #ff0000;\">matastes o Autor da vida [ Jesus ], a quem Deus ressuscitou dentre os mortos<\/span>, do que n\u00f3s somos testemunhas.<\/strong>&#8221; (Atos 3:15)<\/p>\n<p>E n\u00f3s, que nascemos de Deus, do Esp\u00edrito por meio da f\u00e9 em Cristo, temos ent\u00e3o &#8220;<span style=\"color: #ff0000;\"><strong>chayim<\/strong><\/span>&#8220;; sendo assim feitos &#8220;Filhos de Deus&#8221;, agora pertencemos ao povo que tem &#8220;<span style=\"color: #ff0000;\"><strong>vidas<\/strong><span style=\"color: #000000;\">&#8220;<\/span><\/span>. Dessa forma, n\u00e3o devemos participar de qualquer coisa que tenha algum v\u00ednculo com a morte. N\u00e3o tenhamos parte com o\u00a0pecado ou as trevas. Porque voc\u00ea \u00e9 de Cristo, voc\u00ea \u00e9 agora de &#8220;<strong>chayim<\/strong>&#8221; &#8230; a vida abundante em Deus &#8230; a vida sem fim!<\/p>\n<p style=\"padding-left: 30px;\">&#8220;<strong>Destruir\u00e1 neste monte a coberta que envolve todos os povos e o v\u00e9u que est\u00e1 posto sobre todas as na\u00e7\u00f5es. <span style=\"color: #ff0000;\">Tragar\u00e1 a morte para sempre, e, assim, enxugar\u00e1 o SENHOR Deus as l\u00e1grimas de todos os rostos, e tirar\u00e1 de toda a terra o opr\u00f3brio do Seu povo<\/span>, porque o SENHOR falou. Naquele dia, se dir\u00e1: Eis que este \u00e9 o nosso Deus, em quem esper\u00e1vamos, e Ele nos salvar\u00e1; este \u00e9 o SENHOR, a quem aguard\u00e1vamos; na Sua salva\u00e7\u00e3o exultaremos e nos alegraremos.<\/strong>&#8221; (Isa\u00edas 25:7-9)<\/p>\n<p style=\"padding-left: 30px;\">&#8220;<strong>Eis que vos digo um mist\u00e9rio: nem todos dormiremos, mas transformados seremos todos, num momento, num abrir e fechar de olhos, ao ressoar da \u00faltima trombeta. A trombeta soar\u00e1, os mortos ressuscitar\u00e3o incorrupt\u00edveis, e n\u00f3s seremos transformados. Porque \u00e9 necess\u00e1rio que este corpo corrupt\u00edvel se revista da incorruptibilidade, e que o corpo mortal se revista da imortalidade. <span style=\"color: #ff0000;\">E, quando este corpo corrupt\u00edvel se revestir de incorruptibilidade, e o que \u00e9 mortal se revestir de imortalidade, ent\u00e3o, se cumprir\u00e1 a palavra que est\u00e1 escrita: Tragada foi a morte pela vit\u00f3ria. Onde est\u00e1, \u00f3 morte, a tua vit\u00f3ria? Onde est\u00e1, \u00f3 morte, o teu aguilh\u00e3o?<\/span><\/strong>&#8221; (1 Cor\u00edntios 15:51-56)<\/p>\n<p>Que o SENHOR lhe aben\u00e7oe e lhe proporcione vida abundante!\u00a0<span class=\"_5mfr _47e3\"><img loading=\"lazy\" class=\"img\" role=\"presentation\" src=\"https:\/\/static.xx.fbcdn.net\/images\/emoji.php\/v9\/f80\/1\/16\/1f64f.png\" alt=\"\" width=\"16\" height=\"16\" \/><\/span><span class=\"_5mfr _47e3\"><img loading=\"lazy\" class=\"img\" role=\"presentation\" src=\"https:\/\/static.xx.fbcdn.net\/images\/emoji.php\/v9\/f6c\/1\/16\/2764.png\" alt=\"\" width=\"16\" height=\"16\" \/><\/span><\/p>\n<\/div><\/div>\n","protected":false},"excerpt":{"rendered":"<p>Muitos est\u00e3o\u00a0familiarizados com o texto que fala da cria\u00e7\u00e3o do homem &#8230; &#8220;Ent\u00e3o, formou o SENHOR Deus ao homem do p\u00f3 da terra e lhe soprou nas narinas o f\u00f4lego de vida ( \u05d7\u05b7\u05d9\u05b4\u05bc\u0591\u05d9\u05dd ), e o homem passou a ser alma vivente.&#8221; (G\u00eanesis 2:7) O que se perde na tradu\u00e7\u00e3o \u00e9 que o termo [&hellip;]<\/p>\n","protected":false},"author":2,"featured_media":0,"comment_status":"closed","ping_status":"closed","sticky":false,"template":"","format":"standard","meta":[],"categories":[24,68,31,38],"tags":[],"_links":{"self":[{"href":"https:\/\/dcvcorp.com.br\/index.php?rest_route=\/wp\/v2\/posts\/3057"}],"collection":[{"href":"https:\/\/dcvcorp.com.br\/index.php?rest_route=\/wp\/v2\/posts"}],"about":[{"href":"https:\/\/dcvcorp.com.br\/index.php?rest_route=\/wp\/v2\/types\/post"}],"author":[{"embeddable":true,"href":"https:\/\/dcvcorp.com.br\/index.php?rest_route=\/wp\/v2\/users\/2"}],"replies":[{"embeddable":true,"href":"https:\/\/dcvcorp.com.br\/index.php?rest_route=%2Fwp%2Fv2%2Fcomments&post=3057"}],"version-history":[{"count":27,"href":"https:\/\/dcvcorp.com.br\/index.php?rest_route=\/wp\/v2\/posts\/3057\/revisions"}],"predecessor-version":[{"id":4263,"href":"https:\/\/dcvcorp.com.br\/index.php?rest_route=\/wp\/v2\/posts\/3057\/revisions\/4263"}],"wp:attachment":[{"href":"https:\/\/dcvcorp.com.br\/index.php?rest_route=%2Fwp%2Fv2%2Fmedia&parent=3057"}],"wp:term":[{"taxonomy":"category","embeddable":true,"href":"https:\/\/dcvcorp.com.br\/index.php?rest_route=%2Fwp%2Fv2%2Fcategories&post=3057"},{"taxonomy":"post_tag","embeddable":true,"href":"https:\/\/dcvcorp.com.br\/index.php?rest_route=%2Fwp%2Fv2%2Ftags&post=3057"}],"curies":[{"name":"wp","href":"https:\/\/api.w.org\/{rel}","templated":true}]}}