{"id":3457,"date":"2017-08-27T10:20:58","date_gmt":"2017-08-27T13:20:58","guid":{"rendered":"http:\/\/dcvcorp.com.br\/?p=3457"},"modified":"2017-08-27T10:34:42","modified_gmt":"2017-08-27T13:34:42","slug":"perdoe-e-sereis-perdoados","status":"publish","type":"post","link":"https:\/\/dcvcorp.com.br\/?p=3457","title":{"rendered":"Perdoai &#8230; e sereis &#8230; Perdoados"},"content":{"rendered":"<p><a href=\"http:\/\/dcvcorp.com.br\/wp-content\/uploads\/libertar.png\"><img loading=\"lazy\" class=\"size-full wp-image-3458 aligncenter\" src=\"http:\/\/dcvcorp.com.br\/wp-content\/uploads\/libertar.png\" alt=\"\" width=\"474\" height=\"280\" srcset=\"https:\/\/dcvcorp.com.br\/wp-content\/uploads\/libertar.png 474w, https:\/\/dcvcorp.com.br\/wp-content\/uploads\/libertar-300x177.png 300w\" sizes=\"(max-width: 474px) 100vw, 474px\" \/><\/a><\/p>\n<p style=\"padding-left: 30px;\">&#8220;<strong>Sede misericordiosos, como tamb\u00e9m \u00e9 misericordioso vosso Pai.\u00a0N\u00e3o julgueis e n\u00e3o sereis julgados; n\u00e3o condeneis e n\u00e3o sereis condenados; perdoai ( <span style=\"color: #ff0000;\">\u03b1\u03c0\u03bf\u03bb\u03c5\u03c9 apoluo<\/span> ) e sereis perdoados ( <span style=\"color: #ff0000;\">\u03b1\u03c0\u03bf\u03bb\u03c5\u03c9 apoluo<\/span> ); dai, e dar-se-vos-\u00e1; boa medida, recalcada, sacudida, transbordante, generosamente vos dar\u00e3o; porque com a medida com que tiverdes medido vos medir\u00e3o tamb\u00e9m.<\/strong>&#8221; (Lucas 6:36-38)<\/p>\n<p>Este pequeno trecho do evangelho de Lucas \u00e9 riqu\u00edssimo em ensino, um material suficiente para encher alguns livros, mas aqui eu vou me ater ao trecho &#8220;<strong><span style=\"color: #ff0000;\">perdoai<\/span> e sereis <span style=\"color: #ff0000;\">perdoados<\/span><\/strong>&#8221; que faz uso da palavra grega\u00a0<strong>\u03b1\u03c0\u03bf\u03bb\u03c5\u03c9<\/strong> &#8220;<strong>apoluo<\/strong>&#8220;. Essa palavra \u00e9 rica em significados e pode ser encontrada em muitos textos b\u00edblicos, como neste acima citado e nestes abaixo:<\/p>\n<p style=\"padding-left: 30px;\">&#8220;<strong>Ent\u00e3o, Pilatos o advertiu: N\u00e3o me respondes? N\u00e3o sabes que tenho autoridade para te soltar ( <span style=\"color: #ff0000;\">\u03b1\u03c0\u03bf\u03bb\u03c5\u03c9 apoluo<\/span> ) e autoridade para te crucificar?<\/strong>&#8221; (Jo\u00e3o 19:10)<\/p>\n<p style=\"padding-left: 30px;\">&#8220;<strong>Ent\u00e3o, o servo, prostrando-se reverente, rogou: S\u00ea paciente comigo, e tudo te pagarei. E o senhor daquele servo, compadecendo-se, mandou-o embora e perdoou-lhe ( <span style=\"color: #ff0000;\">\u03b1\u03c0\u03bf\u03bb\u03c5\u03c9 apoluo<\/span> )\u00a0a d\u00edvida.<\/strong>&#8221; (Mateus 18:26,27)<\/p>\n<p style=\"padding-left: 30px;\">&#8220;<strong>E, servindo eles ao Senhor e jejuando, disse o Esp\u00edrito Santo: Separai-Me, agora, Barnab\u00e9 e Saulo para a obra a que os tenho chamado. Ent\u00e3o, jejuando, e orando, e impondo sobre eles as m\u00e3os, os despediram ( <span style=\"color: #ff0000;\">\u03b1\u03c0\u03bf\u03bb\u03c5\u03c9 apoluo<\/span> ).<\/strong>&#8221; (Atos 13:2,3)<\/p>\n<p style=\"padding-left: 30px;\">&#8220;<strong>E veio ali uma mulher possessa de um esp\u00edrito de enfermidade, havia j\u00e1 dezoito anos; andava ela encurvada, sem de modo algum poder endireitar-se. Vendo-a Jesus, chamou-a e disse-lhe: Mulher, est\u00e1s livre ( <span style=\"color: #ff0000;\">\u03b1\u03c0\u03bf\u03bb\u03c5\u03c9 apoluo<\/span> )\u00a0da tua enfermidade; e, impondo-lhe as m\u00e3os, ela imediatamente se endireitou e dava gl\u00f3ria a Deus.<\/strong>&#8221; (Lucas 13:11-13)<\/p>\n<p>Quando o Senhor viu uma mulher sofrendo de uma doen\u00e7a que a deixava encurvada por dezoito anos, Ele disse-lhe: &#8220;<strong>Mulher, est\u00e1s <span style=\"color: #ff0000;\">livre<\/span> da tua enfermidade<\/strong>&#8220;. Quando os crentes de Antioquia enviaram a Barnab\u00e9 e Paulo para iniciarem o seu minist\u00e9rio para o mundo, depois de jejuar e orar, impondo as suas m\u00e3os sobre eles, &#8220;<strong>os <span style=\"color: #ff0000;\">despediram<\/span><\/strong>&#8220;. Quando Pilatos discutia entre &#8220;<span style=\"color: #ff0000;\"><strong>soltar<\/strong><\/span>&#8221; ou &#8220;crucificar&#8221; a Jesus em todas essas passagens \u00e9 utilizada a palavra grega\u00a0<strong>\u03b1\u03c0\u03bf\u03bb\u03c5\u03c9<\/strong> &#8220;<strong>apoluo<\/strong>&#8220;.<\/p>\n<p>Sendo assim podemos perceber que\u00a0<strong>\u03b1\u03c0\u03bf\u03bb\u03c5\u03c9<\/strong> &#8220;<strong>apoluo<\/strong>&#8221; significa&#8221;<strong>perdoar<\/strong>&#8220;, mas tamb\u00e9m significa &#8220;<strong>libertar<\/strong>&#8221; &#8230; se voc\u00ea n\u00e3o perdoa, voc\u00ea n\u00e3o \u00e9 libertado; permanecer\u00e1 ent\u00e3o preso, amarrado. Essa mesma palavra\u00a0<strong>\u03b1\u03c0\u03bf\u03bb\u03c5\u03c9<\/strong> &#8220;<strong>apoluo<\/strong>&#8221; tamb\u00e9m fala de &#8220;<strong>cura<\/strong>&#8221; &#8230; o que nos remete ao fato de que o perd\u00e3o est\u00e1 unido \u00e0 cura, assim como a falta de perd\u00e3o est\u00e1 relacionada com a falta de cura. O termo\u00a0<strong>\u03b1\u03c0\u03bf\u03bb\u03c5\u03c9<\/strong> &#8220;<strong>apoluo<\/strong>&#8221; alude tamb\u00e9m em ser &#8220;<strong>enviado<\/strong>&#8221; para cumprir o chamado de Deus para a sua vida.\u00a0Aqueles que n\u00e3o perdoam est\u00e3o se paralisando, n\u00e3o podendo avan\u00e7ar no prop\u00f3sito do SENHOR para as suas vidas e tendo o seu envio para o chamado barrado em consequ\u00eancia disso.<\/p>\n<p>A falta de perd\u00e3o &#8220;prende&#8221;, &#8220;impede a cura&#8221;, &#8220;paralisa&#8221; &#8230; quer liberdade?! Perdoe &#8230; quer alcan\u00e7ar uma cura?! Perdoe &#8230; quer cumprir o chamado e o prop\u00f3sito do SENHOR para a sua vida?! Perdoe &#8230; por isso est\u00e1 escrito &#8220;<strong>perdoai e sereis perdoados<\/strong>&#8220;. Sendo assim, &#8220;<strong>liberte e ser\u00e1s liberto<\/strong>&#8221; e voc\u00ea poder\u00e1 avan\u00e7ar em sua vida e ser curado n\u00e3o apenas no corpo, mas na alma e no esp\u00edrito &#8230; em todo o seu ser &#8230; livre ent\u00e3o para cumprir o chamado e o bom prop\u00f3sito que o SENHOR lhe designou.<\/p>\n<p>Como pode perceber, o perd\u00e3o possui v\u00e1rias implica\u00e7\u00f5es positivas quando ele \u00e9 exercido em nossas vidas, mas \u00e9 extremamente negativo quando n\u00e3o exercemos este perd\u00e3o &#8230; por isso eu amo lembrar e meditar nestes textos &#8230;<\/p>\n<p style=\"padding-left: 30px;\">&#8220;<strong>Falai de tal maneira e de tal maneira procedei como aqueles que h\u00e3o de ser julgados pela <span style=\"color: #ff0000;\">lei da liberdade<\/span>. Porque o ju\u00edzo \u00e9 sem miseric\u00f3rdia para com aquele que n\u00e3o usou de miseric\u00f3rdia. A miseric\u00f3rdia triunfa sobre o ju\u00edzo.<\/strong>&#8221; (Tiago 2:12,13)<\/p>\n<p style=\"padding-left: 30px;\">&#8220;<strong>Amai, por\u00e9m, os vossos inimigos, fazei o bem e emprestai, sem esperar nenhuma paga; ser\u00e1 grande o vosso galard\u00e3o, <span style=\"color: #ff0000;\">e sereis filhos do Alt\u00edssimo<\/span>. Pois Ele \u00e9 benigno at\u00e9 para com os ingratos e maus. <span style=\"color: #ff0000;\">Sede misericordiosos, como tamb\u00e9m \u00e9 misericordioso vosso Pai<\/span>.<\/strong>&#8221; (Lucas 6:35,36)<\/p>\n<p>Vivemos em um tempo dif\u00edcil, onde muitos pedem que o SENHOR exer\u00e7a ju\u00edzo e condena\u00e7\u00e3o sobre o mundo &#8230; mal sabem estes o que pedem &#8230; pois se o SENHOR, o Justo Juiz, efetivamente aplicar sobre todos os homens a Sua justi\u00e7a, NENHUM de n\u00f3s subsistiria, estar\u00edamos TODOS condenados miseravelmente &#8230; muitos se esquecem de que o que nos livra da ira, do ju\u00edzo e da condena\u00e7\u00e3o \u00e9 a gra\u00e7a e a miseric\u00f3rdia do SENHOR que nos foi manifesta em sua completude e riqueza, \u00fanica e exclusivamente atrav\u00e9s de Cristo, o nosso Senhor e Salvador. Aprenda com o SENHOR, manifeste em sua vida a miseric\u00f3rdia e o profundo amor de Deus, inclusive para com os seus inimigos!<\/p>\n<p style=\"padding-left: 30px;\">&#8220;<strong>Ouvistes que foi dito: Amar\u00e1s o teu pr\u00f3ximo e odiar\u00e1s o teu inimigo. Eu, por\u00e9m, vos digo: amai os vossos inimigos e orai pelos que vos perseguem; para que vos torneis filhos do vosso Pai celeste, porque Ele faz nascer o Seu sol sobre maus e bons e vir chuvas sobre justos e injustos. Porque, se amardes os que vos amam, que recompensa tendes? N\u00e3o fazem os publicanos tamb\u00e9m o mesmo? E, se saudardes somente os vossos irm\u00e3os, que fazeis de mais? N\u00e3o fazem os gentios tamb\u00e9m o mesmo? Portanto, sede v\u00f3s perfeitos como perfeito \u00e9 o vosso Pai celeste.<\/strong>&#8221; (Mateus 5:43-48)<\/p>\n<p style=\"padding-left: 30px;\">&#8220;<strong>Porque Deus amou ao mundo de tal maneira que deu o Seu Filho unig\u00eanito, para que todo o que nEle cr\u00ea n\u00e3o pere\u00e7a, mas tenha a vida eterna. Porquanto Deus enviou o Seu Filho ao mundo, n\u00e3o para que julgasse o mundo, mas para que o mundo fosse salvo por Ele. Quem nEle cr\u00ea n\u00e3o \u00e9 julgado; o que n\u00e3o cr\u00ea j\u00e1 est\u00e1 julgado, porquanto n\u00e3o cr\u00ea no nome do unig\u00eanito Filho de Deus.<\/strong>&#8221; (Jo\u00e3o 3:16-18)<\/p>\n<p>Que o SENHOR lhe aben\u00e7oe e ilumine o Seu rosto sobre voc\u00ea e lhe traga a Sua paz! &#8230; <strong>Perdoe<\/strong> &#8230;<\/p>\n","protected":false},"excerpt":{"rendered":"<p>&#8220;Sede misericordiosos, como tamb\u00e9m \u00e9 misericordioso vosso Pai.\u00a0N\u00e3o julgueis e n\u00e3o sereis julgados; n\u00e3o condeneis e n\u00e3o sereis condenados; perdoai ( \u03b1\u03c0\u03bf\u03bb\u03c5\u03c9 apoluo ) e sereis perdoados ( \u03b1\u03c0\u03bf\u03bb\u03c5\u03c9 apoluo ); dai, e dar-se-vos-\u00e1; boa medida, recalcada, sacudida, transbordante, generosamente vos dar\u00e3o; porque com a medida com que tiverdes medido vos medir\u00e3o tamb\u00e9m.&#8221; (Lucas 6:36-38) [&hellip;]<\/p>\n","protected":false},"author":2,"featured_media":0,"comment_status":"open","ping_status":"open","sticky":false,"template":"","format":"standard","meta":[],"categories":[24,67,31,38],"tags":[],"_links":{"self":[{"href":"https:\/\/dcvcorp.com.br\/index.php?rest_route=\/wp\/v2\/posts\/3457"}],"collection":[{"href":"https:\/\/dcvcorp.com.br\/index.php?rest_route=\/wp\/v2\/posts"}],"about":[{"href":"https:\/\/dcvcorp.com.br\/index.php?rest_route=\/wp\/v2\/types\/post"}],"author":[{"embeddable":true,"href":"https:\/\/dcvcorp.com.br\/index.php?rest_route=\/wp\/v2\/users\/2"}],"replies":[{"embeddable":true,"href":"https:\/\/dcvcorp.com.br\/index.php?rest_route=%2Fwp%2Fv2%2Fcomments&post=3457"}],"version-history":[{"count":5,"href":"https:\/\/dcvcorp.com.br\/index.php?rest_route=\/wp\/v2\/posts\/3457\/revisions"}],"predecessor-version":[{"id":3463,"href":"https:\/\/dcvcorp.com.br\/index.php?rest_route=\/wp\/v2\/posts\/3457\/revisions\/3463"}],"wp:attachment":[{"href":"https:\/\/dcvcorp.com.br\/index.php?rest_route=%2Fwp%2Fv2%2Fmedia&parent=3457"}],"wp:term":[{"taxonomy":"category","embeddable":true,"href":"https:\/\/dcvcorp.com.br\/index.php?rest_route=%2Fwp%2Fv2%2Fcategories&post=3457"},{"taxonomy":"post_tag","embeddable":true,"href":"https:\/\/dcvcorp.com.br\/index.php?rest_route=%2Fwp%2Fv2%2Ftags&post=3457"}],"curies":[{"name":"wp","href":"https:\/\/api.w.org\/{rel}","templated":true}]}}