{"id":897,"date":"2014-11-29T18:31:31","date_gmt":"2014-11-29T20:31:31","guid":{"rendered":"http:\/\/dcvcorp.com.br\/?p=897"},"modified":"2014-11-29T18:49:23","modified_gmt":"2014-11-29T20:49:23","slug":"o-misterio-do-ano-shemita","status":"publish","type":"post","link":"https:\/\/dcvcorp.com.br\/?p=897","title":{"rendered":"O Mist\u00e9rio do Ano Shemit\u00e1"},"content":{"rendered":"<p>por <strong>Dionei Vieira<\/strong>,<\/p>\n<p>&nbsp;<\/p>\n<table  class=\" table table-hover\" align=\"center\">\n<tbody>\n<tr align=\"center\">\n<td><img src=\"http:\/\/d.gr-assets.com\/books\/1411605079l\/22668635.jpg\" alt=\"\" \/><\/td>\n<\/tr>\n<tr align=\"center\">\n<td><strong>Capa da edi\u00e7\u00e3o em Ingl\u00eas do livro: O Mist\u00e9rio da Shemit\u00e1<\/strong><\/td>\n<\/tr>\n<\/tbody>\n<\/table>\n<p>&nbsp;<\/p>\n<p>Este artigo \u00e9 outro misto de dica de livro com informa\u00e7\u00f5es relacionadas\u00a0ao mist\u00e9rio que envolve o ano Shemit\u00e1. Inicialmente, gostaria de recomendar o livro &#8220;<strong>O Mist\u00e9rio da Shemit\u00e1<\/strong>&#8220;, de Jonathan Cahn, o mesmo autor do livro &#8220;O Press\u00e1gio&#8221; (j\u00e1 comentado no meu blog,\u00a0<a href=\"http:\/\/dcvcorp.com.br\/?p=225\" target=\"_blank\">aqui em outro artigo<\/a>). S\u00f3 que, diferente do livro &#8220;O Press\u00e1gio&#8221;, n\u00e3o h\u00e1 uma vers\u00e3o em Portugu\u00eas desse novo\u00a0livro, mas temos algo que se aproxima bastante, que \u00e9 uma edi\u00e7\u00e3o em Espanhol, veja <a href=\"http:\/\/www.amazon.co.uk\/Misterio-del-Shemita-Mystery-Shemitah\/dp\/1629983004\" target=\"_blank\">aqui<\/a>.<\/p>\n<p>\u00c9 sabido que Deus instituiu para a na\u00e7\u00e3o de Israel que a cada s\u00e9timo dia fosse chamado de\u00a0S\u00e1bado, um dia\u00a0santo, dedicado ao\u00a0Senhor, como est\u00e1 escrito: &#8220;<em>Seis dias trabalhareis, mas o s\u00e9timo ser\u00e1 o s\u00e1bado do descanso solene, santa convoca\u00e7\u00e3o; nenhuma obra fareis; \u00e9 s\u00e1bado do SENHOR em todas as vossas moradas.<\/em>&#8221; (Lev\u00edtico 23:3).<\/p>\n<p>Mas o que n\u00e3o \u00e9 bem conhecido \u00e9 que o s\u00e1bado n\u00e3o foi apenas um dia, mas tamb\u00e9m um ano. Como todo s\u00e9timo dia era\u00a0o s\u00e1bado, por isso <!--more-->a cada sete anos seria\u00a0o ano de descanso.<\/p>\n<p style=\"padding-left: 30px;\">&#8220;<em>Disse o SENHOR a Mois\u00e9s, no monte Sinai: Fala aos filhos de Israel e dize- lhes: Quando entrardes na terra, que vos dou, ent\u00e3o, a terra guardar\u00e1 um s\u00e1bado ao SENHOR. Seis anos semear\u00e1s o teu campo, e seis anos podar\u00e1s a tua vinha, e colher\u00e1s os seus frutos. Por\u00e9m, no s\u00e9timo ano, haver\u00e1 s\u00e1bado de descanso solene para a terra, um s\u00e1bado ao SENHOR; n\u00e3o semear\u00e1s o teu campo, nem podar\u00e1s a tua vinha.<\/em>&#8221; (Lev\u00edtico 25:1-4).<\/p>\n<p>Assim como o s\u00e1bado, o ano de descanso deve ser igualmente distinto aos seis anos que o precederam. Era para ser um ano santo, um ano dedicado especialmente ao Senhor. Durante o repouso n\u00e3o se faria\u00a0qualquer trabalho sobre a terra. Durante o repouso quem deve\u00a0descansar n\u00e3o s\u00e3o somente as pessoas, mas tamb\u00e9m a terra. Os campos ficam livres, as podas das\u00a0vinhas e pomares n\u00e3o s\u00e3o realizadas. A pr\u00f3pria terra observava\u00a0seu pr\u00f3prio descanso para o\u00a0Senhor.<\/p>\n<p>Durante o descanso, o povo de Israel devia deixar os seus campos, vinhas e pomares abertos aos pobres. Durante a vig\u00eancia deste ano, a terra pertencia de fato a todos. E tudo isso, o que cresceu por si s\u00f3 \u00e9 chamado de <em>hefker<\/em>, o que significa &#8220;sem dono&#8221;. Portanto, durante o descanso, a terra, na verdade, pertencia a todos e a\u00a0ningu\u00e9m ao mesmo tempo.<\/p>\n<p><strong>29 de Elul<\/strong><\/p>\n<p>Igualmente surpreendente ao que acontece com a terra durante o descanso, \u00e9 o que acontece\u00a0com as pessoas no \u00faltimo dia do ano:<\/p>\n<p style=\"padding-left: 30px;\">&#8220;<em>Ao fim de cada sete anos, far\u00e1s remiss\u00e3o. Este, pois, \u00e9 o modo da remiss\u00e3o:todo credor que emprestou ao seu pr\u00f3ximo alguma coisa remitir\u00e1 o que havia emprestado; n\u00e3o o exigir\u00e1 do seu pr\u00f3ximo ou do seu irm\u00e3o, pois a remiss\u00e3o do SENHOR \u00e9 proclamada.<\/em>&#8221; (Deuteron\u00f4mio 15:1-2).<\/p>\n<p>A &#8220;cada sete anos&#8221; refere-se ao \u00faltimo dia de descanso. Elul \u00e9 o \u00faltimo m\u00eas\u00a0do calend\u00e1rio hebraico e o vig\u00e9simo nono dia \u00e9 o \u00faltimo dia de Elul. Portanto, em 29 de Elul, o \u00faltimo dia do ano de descanso, uma transforma\u00e7\u00e3o generalizada ocorre na esfera econ\u00f4mica da na\u00e7\u00e3o. Todo mundo que tinha uma d\u00edvida era\u00a0liberado. E cada credor teria\u00a0que liberar a d\u00edvida que lhe era devida. Portanto, em 29 de Elul todo o cr\u00e9dito era\u00a0exclu\u00eddo e toda a d\u00edvida era\u00a0cancelada. As contas econ\u00f4micas da na\u00e7\u00e3o eram\u00a0efetivamente anuladas. Era o dia de cancelamento e remiss\u00e3o econ\u00f4mica de Israel.<\/p>\n<p>Na forma hebraica de olhar para o tempo, cada dia n\u00e3o come\u00e7a com a manh\u00e3 e sim com a noite. Isso remonta ao G\u00eanesis 1, quando a hist\u00f3ria da cria\u00e7\u00e3o foi registrada pela primeira vez naquela noite escura e em seguida o dia. Portanto, cada dia come\u00e7a com o anoitecer. E como a noite come\u00e7a com o p\u00f4r-do-sol, todos os dias hebraicos come\u00e7am ao p\u00f4r-do-sol. Portanto, todas as d\u00edvidas eram para serem canceladas no p\u00f4r-do-sol do dia\u00a029 de Elul.<\/p>\n<p>&nbsp;<\/p>\n<table  class=\" table table-hover\" align=\"center\">\n<tbody>\n<tr align=\"center\">\n<td><img src=\"http:\/\/cdn.charismamag.com\/images\/stories\/2014\/online-exclusives\/cmonlineexclusive-10-14-shemitah.jpg\" alt=\"\" \/><\/td>\n<\/tr>\n<tr align=\"center\">\n<td><strong>Jonathan Cahn explica o mist\u00e9rio da Shemit\u00e1 no programa Jim Bakker Show. (foto do YouTube)<\/strong><\/td>\n<\/tr>\n<\/tbody>\n<\/table>\n<p>&nbsp;<\/p>\n<p><strong>Shemit\u00e1<\/strong><\/p>\n<p>A palavra Shemit\u00e1 significa: remiss\u00e3o,\u00a0suspens\u00e3o da cobran\u00e7a de tributos,\u00a0perd\u00e3o da d\u00edvida.\u00a0Como exemplo, ela aparece neste vers\u00edculo: &#8220;<em>Ao fim de cada sete anos, far\u00e1s remiss\u00e3o (<strong>Shemit\u00e1<\/strong>).<\/em>&#8221; (Deuteron\u00f4mio 15:1).<\/p>\n<p>A Shemit\u00e1 na\u00a0antiga Israel n\u00e3o se refere apenas \u00e0 liberta\u00e7\u00e3o da terra, mas tamb\u00e9m ao cancelamento da d\u00edvida e cr\u00e9dito ordenado por Deus, em todo o pa\u00eds. Portanto, a palavra Shemit\u00e1 abrange tanto o s\u00e9timo ano como o \u00faltimo dia deste ano, o dia 29 de Elul. \u00c9 um crescente durante o ano, atingindo o\u00a0seu \u00e1pice de\u00a0remiss\u00e3o no \u00faltimo dia do ano da remiss\u00e3o. Em certo sentido, tudo sobre o ano de Shemit\u00e1 se desenvolve em dire\u00e7\u00e3o a esse dia final, quando tudo \u00e9 liberado, enviado e cancelado em um dia; ou mais especificamente, na noite deste dia, o \u00faltimo p\u00f4r-do-sol do ano.<\/p>\n<p><strong>O que isso tem a ver com os EUA ent\u00e3o?<\/strong><\/p>\n<p>Jonathan Cahn mostrou\u00a0na obra \u201cO Press\u00e1gio\u201d, que sobre a Am\u00e9rica viria um julgamento na sequ\u00eancia dos ataques de 11 de setembro, porque, em vez de se humilhar e se arrepender, o pa\u00eds dobrou-se ao aborto, \u00e0 pornografia e \u00e0 remo\u00e7\u00e3o da ora\u00e7\u00e3o e todas as coisas crist\u00e3s das pra\u00e7as p\u00fablicas. Ainda nesse\u00a0livro, Jonathan Cahn mostra as similaridades entre os EUA e Israel, usando o vers\u00edculo de Isa\u00edas 9:10 como base para comparar os ju\u00edzos e press\u00e1gios que ocorreram na antiga Israel e que se repetiram recentemente nos EUA. \u00c9 complicado colocar aqui os detalhes de todo esse processo de compara\u00e7\u00e3o e como isso se relaciona aos EUA, aconselho a ler o artigo que fiz sobre o livro do Press\u00e1gio para voc\u00ea ter uma melhor no\u00e7\u00e3o sobre isso, nele est\u00e3o dois v\u00eddeos que podem ajudar a compreender melhor essa vincula\u00e7\u00e3o.<\/p>\n<p><strong>O que isso tem a ver conosco?<\/strong><\/p>\n<p>N\u00e3o \u00e9 segredo para ningu\u00e9m que\u00a0qualquer &#8220;solu\u00e7o&#8221; econ\u00f4mico que ocorre nos EUA vem a atingir a todo o mundo e, quanto maior a crise econ\u00f4mica nos EUA, maiores ser\u00e3o os reflexos em todo o mundo. Dessa forma, se o padr\u00e3o do ano Shemit\u00e1 est\u00e1 tamb\u00e9m, de alguma forma, vinculada tamb\u00e9m aos EUA, \u00e9 importante observar o que pode ocorrer, ainda mais que estamos agora, 2014\/2015, num ano Shemit\u00e1. J\u00e1 publiquei um artigo que mostra\u00a0que os primeiros dias do ano Shemit\u00e1, que come\u00e7ou em 25 de setembro de 2014, deram sinais preocupantes (voc\u00ea pode ver esse artigo <a href=\"http:\/\/dcvcorp.com.br\/?p=553\" target=\"_blank\">aqui<\/a>). Agora, vou mostrar, com dados do v\u00eddeo que traduzi e legendei e que est\u00e1 abaixo, que esse padr\u00e3o \u00e9 muito preocupante, por exemplo, observando o s\u00e9culo 20 em diante:<\/p>\n<ul>\n<li>Voc\u00ea sabia que dentre os\u00a010 maiores pontos de queda de mercado que aconteceram num \u00fanico dia,\u00a070% deles est\u00e3o de alguma forma vinculados ao ano Shemit\u00e1 ou ao m\u00eas de Tishri, que come\u00e7a imediatamente ap\u00f3s ao dia 29 de Elul?<\/li>\n<li>Voc\u00ea sabia que dentre as\u00a0maiores 20 quedas\u00a0em percentual da hist\u00f3ria, em Wall Street,\u00a075% delas est\u00e3o de alguma forma vinculados ao ano Shemit\u00e1 ou ao m\u00eas de Tishri, que come\u00e7a imediatamente ap\u00f3s ao dia 29 de Elul?<\/li>\n<li>Voc\u00ea sabia que dentre\u00a0os 5 maiores pontos de crise na hist\u00f3ria americana, 100% deles ocorreram num Shemit\u00e1?<\/li>\n<\/ul>\n<p>A seguir disponibilizo um v\u00eddeo contendo uma entrevista do Rabino Messi\u00e2nico Jonathan Cahn, feita ao programa do Jim Bakker, onde ele aborda esses dados apontados por mim anteriormente e muitos outros mais. Voc\u00ea ir\u00e1 se espantar com as estat\u00edsticas apresentadas e, assim como eu, colocar\u00e1 &#8220;as barbas de molho&#8221;, figuradamente falando, ao lembrar que no pr\u00f3ximo dia 13 de setembro de 2015, ser\u00e1 o dia 29 de Elul do calend\u00e1rio hebraico do atual ano Shemit\u00e1.<\/p>\n<p>&nbsp;<br \/>\n<iframe loading=\"lazy\" src=\"\/\/www.youtube.com\/embed\/pCtNKCZF-RA?list=UUEtRXvccOLLQBD3C84I3DZg\" width=\"560\" height=\"315\" frameborder=\"0\" allowfullscreen=\"allowfullscreen\"><\/iframe><\/p>\n","protected":false},"excerpt":{"rendered":"<p>por Dionei Vieira, &nbsp; Capa da edi\u00e7\u00e3o em Ingl\u00eas do livro: O Mist\u00e9rio da Shemit\u00e1 &nbsp; Este artigo \u00e9 outro misto de dica de livro com informa\u00e7\u00f5es relacionadas\u00a0ao mist\u00e9rio que envolve o ano Shemit\u00e1. Inicialmente, gostaria de recomendar o livro &#8220;O Mist\u00e9rio da Shemit\u00e1&#8220;, de Jonathan Cahn, o mesmo autor do livro &#8220;O Press\u00e1gio&#8221; (j\u00e1 [&hellip;]<\/p>\n","protected":false},"author":2,"featured_media":0,"comment_status":"open","ping_status":"open","sticky":false,"template":"","format":"standard","meta":[],"categories":[67,70,68,32],"tags":[],"_links":{"self":[{"href":"https:\/\/dcvcorp.com.br\/index.php?rest_route=\/wp\/v2\/posts\/897"}],"collection":[{"href":"https:\/\/dcvcorp.com.br\/index.php?rest_route=\/wp\/v2\/posts"}],"about":[{"href":"https:\/\/dcvcorp.com.br\/index.php?rest_route=\/wp\/v2\/types\/post"}],"author":[{"embeddable":true,"href":"https:\/\/dcvcorp.com.br\/index.php?rest_route=\/wp\/v2\/users\/2"}],"replies":[{"embeddable":true,"href":"https:\/\/dcvcorp.com.br\/index.php?rest_route=%2Fwp%2Fv2%2Fcomments&post=897"}],"version-history":[{"count":5,"href":"https:\/\/dcvcorp.com.br\/index.php?rest_route=\/wp\/v2\/posts\/897\/revisions"}],"predecessor-version":[{"id":902,"href":"https:\/\/dcvcorp.com.br\/index.php?rest_route=\/wp\/v2\/posts\/897\/revisions\/902"}],"wp:attachment":[{"href":"https:\/\/dcvcorp.com.br\/index.php?rest_route=%2Fwp%2Fv2%2Fmedia&parent=897"}],"wp:term":[{"taxonomy":"category","embeddable":true,"href":"https:\/\/dcvcorp.com.br\/index.php?rest_route=%2Fwp%2Fv2%2Fcategories&post=897"},{"taxonomy":"post_tag","embeddable":true,"href":"https:\/\/dcvcorp.com.br\/index.php?rest_route=%2Fwp%2Fv2%2Ftags&post=897"}],"curies":[{"name":"wp","href":"https:\/\/api.w.org\/{rel}","templated":true}]}}